{"id":1116,"date":"2021-07-05T12:12:01","date_gmt":"2021-07-05T10:12:01","guid":{"rendered":"https:\/\/beta.k-konzept.de\/gb2019\/?p=1116"},"modified":"2021-09-09T10:04:12","modified_gmt":"2021-09-09T08:04:12","slug":"oeffentlichkeitsarbeit-2020","status":"publish","type":"post","link":"https:\/\/www.stwdt-3d.de\/GB_STWDT\/2021\/07\/oeffentlichkeitsarbeit-2020\/","title":{"rendered":"\u00d6ffentlichkeitsarbeit"},"content":{"rendered":"\t\t<div data-elementor-type=\"wp-post\" data-elementor-id=\"1116\" class=\"elementor elementor-1116\" data-elementor-post-type=\"post\">\n\t\t\t\t\t\t<section class=\"elementor-section elementor-top-section elementor-element elementor-element-50c33038 elementor-section-boxed elementor-section-height-default elementor-section-height-default\" data-id=\"50c33038\" data-element_type=\"section\" data-e-type=\"section\">\n\t\t\t\t\t\t<div class=\"elementor-container elementor-column-gap-default\">\n\t\t\t\t\t<div class=\"elementor-column elementor-col-100 elementor-top-column elementor-element elementor-element-5ac00611\" data-id=\"5ac00611\" data-element_type=\"column\" data-e-type=\"column\">\n\t\t\t<div class=\"elementor-widget-wrap elementor-element-populated\">\n\t\t\t\t\t\t<div class=\"elementor-element elementor-element-12ee031 elementor-widget elementor-widget-heading\" data-id=\"12ee031\" data-element_type=\"widget\" data-e-type=\"widget\" data-widget_type=\"heading.default\">\n\t\t\t\t<div class=\"elementor-widget-container\">\n\t\t\t\t\t<h2 class=\"elementor-heading-title elementor-size-default\">Malwettbewerb Klimaschutz mit Detmolder Energie<\/h2>\t\t\t\t<\/div>\n\t\t\t\t<\/div>\n\t\t\t\t<div class=\"elementor-element elementor-element-60b1ca23 elementor-widget elementor-widget-text-editor\" data-id=\"60b1ca23\" data-element_type=\"widget\" data-e-type=\"widget\" data-widget_type=\"text-editor.default\">\n\t\t\t\t<div class=\"elementor-widget-container\">\n\t\t\t\t\t\t\t\t\t\n<p>Seit Mai 2020 ist es soweit. Die ersten Gewinnermotive des Grundschul- Malwettbewerbs \u201eKlimaschutz mit Detmolder Energie\u201c verzieren die Kabelverteilerschr\u00e4nke in Detmold. Die Stadtwerke hatten zu einem Malwettbewerb an Detmolder Grundschulen aufgerufen. Von den rund 180 teilnehmenden kleinen K\u00fcnstler*innen der Klassen 1 bis 4 wurden im Februar 2020 f\u00fcnf der eingereichten Arbeiten pr\u00e4miert.<\/p>\n<p>Bis zum Ende der Sommerferien 2020 wurden zun\u00e4chst 100 der aus grauem Kunststoff hergestellten Kabelverteilerschr\u00e4nke mit den ausgezeichneten Kunstwerken versch\u00f6nert.\u00a0Mit der Malaktion gestalteten die Grundschulkinder nicht nur ein attraktives, buntes Umfeld an Detmolder Stra\u00dfen und Pl\u00e4tzen, sondern st\u00e4rken damit gleichzeitig die Identifikation mit ihrer Stadt.<\/p>\n<p>Unterst\u00fctzt wurde die Aktion auch von der B\u00fcrgerstiftung und dem Heimat- und Verkehrsverein Pivitsheide V.L. e.V. Gemeinsame Zielsetzung ist es, das Stadtbild insgesamt aufzuwerten.\u00a0<\/p>\n\t\t\t\t\t\t\t\t<\/div>\n\t\t\t\t<\/div>\n\t\t\t\t\t<\/div>\n\t\t<\/div>\n\t\t\t\t\t<\/div>\n\t\t<\/section>\n\t\t\t\t<section class=\"elementor-section elementor-top-section elementor-element elementor-element-a4a1ffc elementor-section-boxed elementor-section-height-default elementor-section-height-default\" data-id=\"a4a1ffc\" data-element_type=\"section\" data-e-type=\"section\">\n\t\t\t\t\t\t<div class=\"elementor-container elementor-column-gap-default\">\n\t\t\t\t\t<div class=\"elementor-column elementor-col-100 elementor-top-column elementor-element elementor-element-14d2901\" data-id=\"14d2901\" data-element_type=\"column\" data-e-type=\"column\">\n\t\t\t<div class=\"elementor-widget-wrap elementor-element-populated\">\n\t\t\t\t\t\t<div class=\"elementor-element elementor-element-259b1f0 elementor-widget elementor-widget-gallery\" data-id=\"259b1f0\" data-element_type=\"widget\" data-e-type=\"widget\" data-settings=\"{&quot;columns&quot;:1,&quot;lazyload&quot;:&quot;yes&quot;,&quot;gallery_layout&quot;:&quot;grid&quot;,&quot;columns_tablet&quot;:2,&quot;columns_mobile&quot;:1,&quot;gap&quot;:{&quot;unit&quot;:&quot;px&quot;,&quot;size&quot;:10,&quot;sizes&quot;:[]},&quot;gap_tablet&quot;:{&quot;unit&quot;:&quot;px&quot;,&quot;size&quot;:10,&quot;sizes&quot;:[]},&quot;gap_mobile&quot;:{&quot;unit&quot;:&quot;px&quot;,&quot;size&quot;:10,&quot;sizes&quot;:[]},&quot;link_to&quot;:&quot;file&quot;,&quot;aspect_ratio&quot;:&quot;3:2&quot;,&quot;overlay_background&quot;:&quot;yes&quot;,&quot;content_hover_animation&quot;:&quot;fade-in&quot;}\" data-widget_type=\"gallery.default\">\n\t\t\t\t<div class=\"elementor-widget-container\">\n\t\t\t\t\t\t\t<div class=\"elementor-gallery__container\">\n\t\t\t\t\t\t\t<a class=\"e-gallery-item elementor-gallery-item elementor-animated-content\" href=\"https:\/\/www.stwdt-3d.de\/GB_STWDT\/wp-content\/uploads\/2021\/07\/Malwettbewerb.jpg\" data-elementor-open-lightbox=\"yes\" data-elementor-lightbox-slideshow=\"259b1f0\" data-elementor-lightbox-title=\"Malwettbewerb \u00a9 mdm.photo\" data-e-action-hash=\"#elementor-action%3Aaction%3Dlightbox%26settings%3DeyJpZCI6MTEzNywidXJsIjoiaHR0cHM6XC9cL3d3dy5zdHdkdC0zZC5kZVwvR0JfU1RXRFRcL3dwLWNvbnRlbnRcL3VwbG9hZHNcLzIwMjFcLzA3XC9NYWx3ZXR0YmV3ZXJiLmpwZyIsInNsaWRlc2hvdyI6IjI1OWIxZjAifQ%3D%3D\">\n\t\t\t\t\t<div class=\"e-gallery-image elementor-gallery-item__image\" data-thumbnail=\"https:\/\/www.stwdt-3d.de\/GB_STWDT\/wp-content\/uploads\/2021\/07\/Malwettbewerb-1200x800.jpg\" data-width=\"800\" data-height=\"533\" aria-label=\"\" role=\"img\" ><\/div>\n\t\t\t\t\t\t\t\t\t\t\t<div class=\"elementor-gallery-item__overlay\"><\/div>\n\t\t\t\t\t\t\t\t\t\t\t\t\t\t<\/a>\n\t\t\t\t\t<\/div>\n\t\t\t\t\t<\/div>\n\t\t\t\t<\/div>\n\t\t\t\t\t<\/div>\n\t\t<\/div>\n\t\t\t\t\t<\/div>\n\t\t<\/section>\n\t\t\t\t<\/div>\n\t\t","protected":false},"excerpt":{"rendered":"<p>Malwettbewerb Klimaschutz mit Detmolder Energie Seit Mai 2020 ist es soweit. Die ersten Gewinnermotive des Grundschul- Malwettbewerbs \u201eKlimaschutz mit Detmolder Energie\u201c verzieren die Kabelverteilerschr\u00e4nke in Detmold. Die Stadtwerke hatten zu einem Malwettbewerb an Detmolder Grundschulen aufgerufen. Von den rund 180 teilnehmenden kleinen K\u00fcnstler*innen der Klassen 1 bis 4 wurden im Februar 2020 f\u00fcnf der eingereichten [&hellip;]<\/p>\n","protected":false},"author":1,"featured_media":1217,"comment_status":"closed","ping_status":"closed","sticky":false,"template":"","format":"standard","meta":{"_acf_changed":false,"footnotes":""},"categories":[10],"tags":[],"cd-version":[],"class_list":["post-1116","post","type-post","status-publish","format-standard","has-post-thumbnail","hentry","category-10"],"acf":[],"_links":{"self":[{"href":"https:\/\/www.stwdt-3d.de\/GB_STWDT\/wp-json\/wp\/v2\/posts\/1116","targetHints":{"allow":["GET"]}}],"collection":[{"href":"https:\/\/www.stwdt-3d.de\/GB_STWDT\/wp-json\/wp\/v2\/posts"}],"about":[{"href":"https:\/\/www.stwdt-3d.de\/GB_STWDT\/wp-json\/wp\/v2\/types\/post"}],"author":[{"embeddable":true,"href":"https:\/\/www.stwdt-3d.de\/GB_STWDT\/wp-json\/wp\/v2\/users\/1"}],"replies":[{"embeddable":true,"href":"https:\/\/www.stwdt-3d.de\/GB_STWDT\/wp-json\/wp\/v2\/comments?post=1116"}],"version-history":[{"count":10,"href":"https:\/\/www.stwdt-3d.de\/GB_STWDT\/wp-json\/wp\/v2\/posts\/1116\/revisions"}],"predecessor-version":[{"id":1737,"href":"https:\/\/www.stwdt-3d.de\/GB_STWDT\/wp-json\/wp\/v2\/posts\/1116\/revisions\/1737"}],"wp:featuredmedia":[{"embeddable":true,"href":"https:\/\/www.stwdt-3d.de\/GB_STWDT\/wp-json\/wp\/v2\/media\/1217"}],"wp:attachment":[{"href":"https:\/\/www.stwdt-3d.de\/GB_STWDT\/wp-json\/wp\/v2\/media?parent=1116"}],"wp:term":[{"taxonomy":"category","embeddable":true,"href":"https:\/\/www.stwdt-3d.de\/GB_STWDT\/wp-json\/wp\/v2\/categories?post=1116"},{"taxonomy":"post_tag","embeddable":true,"href":"https:\/\/www.stwdt-3d.de\/GB_STWDT\/wp-json\/wp\/v2\/tags?post=1116"},{"taxonomy":"cd-version","embeddable":true,"href":"https:\/\/www.stwdt-3d.de\/GB_STWDT\/wp-json\/wp\/v2\/cd-version?post=1116"}],"curies":[{"name":"wp","href":"https:\/\/api.w.org\/{rel}","templated":true}]}}