{"id":1977,"date":"2022-06-10T14:32:08","date_gmt":"2022-06-10T12:32:08","guid":{"rendered":"https:\/\/beta.k-konzept.de\/gb2019\/?p=1977"},"modified":"2022-08-02T16:38:23","modified_gmt":"2022-08-02T14:38:23","slug":"kronenplatz-verwandelt-sich-zur-kulturarena","status":"publish","type":"post","link":"https:\/\/www.stwdt-3d.de\/GB_STWDT\/2022\/06\/kronenplatz-verwandelt-sich-zur-kulturarena\/","title":{"rendered":"Kronenplatz verwandelt sich in eine Kulturarena"},"content":{"rendered":"\t\t<div data-elementor-type=\"wp-post\" data-elementor-id=\"1977\" class=\"elementor elementor-1977\" data-elementor-post-type=\"post\">\n\t\t\t\t\t\t<section class=\"elementor-section elementor-top-section elementor-element elementor-element-5f26b43 elementor-section-boxed elementor-section-height-default elementor-section-height-default\" data-id=\"5f26b43\" data-element_type=\"section\" data-e-type=\"section\">\n\t\t\t\t\t\t<div class=\"elementor-container elementor-column-gap-default\">\n\t\t\t\t\t<div class=\"elementor-column elementor-col-100 elementor-top-column elementor-element elementor-element-e642b78\" data-id=\"e642b78\" data-element_type=\"column\" data-e-type=\"column\">\n\t\t\t<div class=\"elementor-widget-wrap elementor-element-populated\">\n\t\t\t\t\t\t<div class=\"elementor-element elementor-element-43122d9 elementor-widget elementor-widget-heading\" data-id=\"43122d9\" data-element_type=\"widget\" data-e-type=\"widget\" data-widget_type=\"heading.default\">\n\t\t\t\t<div class=\"elementor-widget-container\">\n\t\t\t\t\t<h2 class=\"elementor-heading-title elementor-size-default\">Offizielle Einweihung des W\u00e4rmespeichers<\/h2>\t\t\t\t<\/div>\n\t\t\t\t<\/div>\n\t\t\t\t<div class=\"elementor-element elementor-element-2120e0c elementor-widget elementor-widget-text-editor\" data-id=\"2120e0c\" data-element_type=\"widget\" data-e-type=\"widget\" data-widget_type=\"text-editor.default\">\n\t\t\t\t<div class=\"elementor-widget-container\">\n\t\t\t\t\t\t\t\t\t<p><strong><\/strong><\/p>\n<p style=\"font-weight: 400;\">Am 28. August 2021 verwandelten Stadt und Stadtwerke den Kronenplatz in Detmold zur Kulturarena. An diesem Tag wurden der W\u00e4rmespeicher und der Durchstich am Bahnhof offiziell eingeweiht. F\u00fcr Unterhaltung sorgte an diesem Tag ein buntes Unterhaltungsprogramm mit Musik, Comedy und einer Lightshow.<\/p>\n<p style=\"font-weight: 400;\">Bruno Knust, bekannt unter dem K\u00fcnstlernamen G\u00fcnna, pr\u00e4sentierte als Stimme des Ruhrgebiets sein aktuelles Programm. Ehrlich und immer geradeaus, beleuchtet G\u00fcnna als aufmerksamer Beobachter und Kommentator des Zeitgeschehens, auf sehr charmante Weise, mit einem Augenzwinkern auch unbequeme Wahrheiten.<\/p>\n<p style=\"font-weight: 400;\">Das Orchester Vahlhausen Lippe-Detmold sorgte mit fetzigen Rhythmen und stimmungsgeladenen Hits f\u00fcr gute Laune und begeisterte seine Zuh\u00f6rer. Von Abba \u00fcber die Blues Brothers, Gr\u00f6nemeyer und Pur bis zu den Village People und aktuellen Charterfolgen \u2013 das Repertoire des Orchesters beinhaltete Highlights aus den unterschiedlichsten Musikgenres.<\/p>\n\n<figure class=\"wp-block-embed-youtube wp-block-embed is-type-video is-provider-youtube wp-embed-aspect-16-9 wp-has-aspect-ratio\"><\/figure>\n\t\t\t\t\t\t\t\t<\/div>\n\t\t\t\t<\/div>\n\t\t\t\t\t<\/div>\n\t\t<\/div>\n\t\t\t\t\t<\/div>\n\t\t<\/section>\n\t\t\t\t<section class=\"elementor-section elementor-top-section elementor-element elementor-element-901fcd3 elementor-section-boxed elementor-section-height-default elementor-section-height-default\" data-id=\"901fcd3\" data-element_type=\"section\" data-e-type=\"section\">\n\t\t\t\t\t\t<div class=\"elementor-container elementor-column-gap-default\">\n\t\t\t\t\t<div class=\"elementor-column elementor-col-100 elementor-top-column elementor-element elementor-element-c3aad98\" data-id=\"c3aad98\" data-element_type=\"column\" data-e-type=\"column\">\n\t\t\t<div class=\"elementor-widget-wrap elementor-element-populated\">\n\t\t\t\t\t\t<div class=\"elementor-element elementor-element-cd7e014 elementor-widget elementor-widget-gallery\" data-id=\"cd7e014\" data-element_type=\"widget\" data-e-type=\"widget\" data-settings=\"{&quot;columns&quot;:3,&quot;lazyload&quot;:&quot;yes&quot;,&quot;gallery_layout&quot;:&quot;grid&quot;,&quot;columns_tablet&quot;:2,&quot;columns_mobile&quot;:1,&quot;gap&quot;:{&quot;unit&quot;:&quot;px&quot;,&quot;size&quot;:10,&quot;sizes&quot;:[]},&quot;gap_tablet&quot;:{&quot;unit&quot;:&quot;px&quot;,&quot;size&quot;:10,&quot;sizes&quot;:[]},&quot;gap_mobile&quot;:{&quot;unit&quot;:&quot;px&quot;,&quot;size&quot;:10,&quot;sizes&quot;:[]},&quot;link_to&quot;:&quot;file&quot;,&quot;aspect_ratio&quot;:&quot;3:2&quot;,&quot;overlay_background&quot;:&quot;yes&quot;,&quot;content_hover_animation&quot;:&quot;fade-in&quot;}\" data-widget_type=\"gallery.default\">\n\t\t\t\t<div class=\"elementor-widget-container\">\n\t\t\t\t\t\t\t<div class=\"elementor-gallery__container\">\n\t\t\t\t\t\t\t<a class=\"e-gallery-item elementor-gallery-item elementor-animated-content\" href=\"https:\/\/www.stwdt-3d.de\/GB_STWDT\/wp-content\/uploads\/2022\/06\/mdm2021-7119.jpg\" data-elementor-open-lightbox=\"yes\" data-elementor-lightbox-slideshow=\"cd7e014\" data-elementor-lightbox-title=\"Frank Hilker, B\u00fcrgermeister und J\u00f6rg Karlikowski, Gesch\u00e4ftsf\u00fchrer Stadtwerke Detmold weihen den Durchstich ein \u00a9 mdm.photo\" data-e-action-hash=\"#elementor-action%3Aaction%3Dlightbox%26settings%3DeyJpZCI6MTkyOSwidXJsIjoiaHR0cHM6XC9cL3d3dy5zdHdkdC0zZC5kZVwvR0JfU1RXRFRcL3dwLWNvbnRlbnRcL3VwbG9hZHNcLzIwMjJcLzA2XC9tZG0yMDIxLTcxMTkuanBnIiwic2xpZGVzaG93IjoiY2Q3ZTAxNCJ9\">\n\t\t\t\t\t<div class=\"e-gallery-image elementor-gallery-item__image\" data-thumbnail=\"https:\/\/www.stwdt-3d.de\/GB_STWDT\/wp-content\/uploads\/2022\/06\/mdm2021-7119-400x267.jpg\" data-width=\"400\" data-height=\"267\" aria-label=\"\" role=\"img\" ><\/div>\n\t\t\t\t\t\t\t\t\t\t\t<div class=\"elementor-gallery-item__overlay\"><\/div>\n\t\t\t\t\t\t\t\t\t\t\t\t\t\t<\/a>\n\t\t\t\t\t\t\t<a class=\"e-gallery-item elementor-gallery-item elementor-animated-content\" href=\"https:\/\/www.stwdt-3d.de\/GB_STWDT\/wp-content\/uploads\/2022\/06\/mdm2021-6980.jpg\" data-elementor-open-lightbox=\"yes\" data-elementor-lightbox-slideshow=\"cd7e014\" data-elementor-lightbox-title=\"Das Orchester Vahlhausen Lippe Detmold mit aktuellen Songs \u00a9 mdm.photo\" data-e-action-hash=\"#elementor-action%3Aaction%3Dlightbox%26settings%3DeyJpZCI6MTk4NiwidXJsIjoiaHR0cHM6XC9cL3d3dy5zdHdkdC0zZC5kZVwvR0JfU1RXRFRcL3dwLWNvbnRlbnRcL3VwbG9hZHNcLzIwMjJcLzA2XC9tZG0yMDIxLTY5ODAuanBnIiwic2xpZGVzaG93IjoiY2Q3ZTAxNCJ9\">\n\t\t\t\t\t<div class=\"e-gallery-image elementor-gallery-item__image\" data-thumbnail=\"https:\/\/www.stwdt-3d.de\/GB_STWDT\/wp-content\/uploads\/2022\/06\/mdm2021-6980-400x267.jpg\" data-width=\"400\" data-height=\"267\" aria-label=\"\" role=\"img\" ><\/div>\n\t\t\t\t\t\t\t\t\t\t\t<div class=\"elementor-gallery-item__overlay\"><\/div>\n\t\t\t\t\t\t\t\t\t\t\t\t\t\t<\/a>\n\t\t\t\t\t\t\t<a class=\"e-gallery-item elementor-gallery-item elementor-animated-content\" href=\"https:\/\/www.stwdt-3d.de\/GB_STWDT\/wp-content\/uploads\/2022\/06\/mdm2021-6931.jpg\" data-elementor-open-lightbox=\"yes\" data-elementor-lightbox-slideshow=\"cd7e014\" data-elementor-lightbox-title=\"Bruno G\u00fcnna Knust mit seinem aktuellen B\u00fchnenprogramm \u00a9 mdm.photo\" data-e-action-hash=\"#elementor-action%3Aaction%3Dlightbox%26settings%3DeyJpZCI6MTk3OSwidXJsIjoiaHR0cHM6XC9cL3d3dy5zdHdkdC0zZC5kZVwvR0JfU1RXRFRcL3dwLWNvbnRlbnRcL3VwbG9hZHNcLzIwMjJcLzA2XC9tZG0yMDIxLTY5MzEuanBnIiwic2xpZGVzaG93IjoiY2Q3ZTAxNCJ9\">\n\t\t\t\t\t<div class=\"e-gallery-image elementor-gallery-item__image\" data-thumbnail=\"https:\/\/www.stwdt-3d.de\/GB_STWDT\/wp-content\/uploads\/2022\/06\/mdm2021-6931-400x267.jpg\" data-width=\"400\" data-height=\"267\" aria-label=\"\" role=\"img\" ><\/div>\n\t\t\t\t\t\t\t\t\t\t\t<div class=\"elementor-gallery-item__overlay\"><\/div>\n\t\t\t\t\t\t\t\t\t\t\t\t\t\t<\/a>\n\t\t\t\t\t\t\t<a class=\"e-gallery-item elementor-gallery-item elementor-animated-content\" href=\"https:\/\/www.stwdt-3d.de\/GB_STWDT\/wp-content\/uploads\/2022\/06\/mdm2021-6910.jpg\" data-elementor-open-lightbox=\"yes\" data-elementor-lightbox-slideshow=\"cd7e014\" data-elementor-lightbox-title=\"Eileen Starke und Jenifer Zimmer unterst\u00fctzen beim Entenverkauf \u00a9 mdm.photo\" data-e-action-hash=\"#elementor-action%3Aaction%3Dlightbox%26settings%3DeyJpZCI6MTk3OCwidXJsIjoiaHR0cHM6XC9cL3d3dy5zdHdkdC0zZC5kZVwvR0JfU1RXRFRcL3dwLWNvbnRlbnRcL3VwbG9hZHNcLzIwMjJcLzA2XC9tZG0yMDIxLTY5MTAuanBnIiwic2xpZGVzaG93IjoiY2Q3ZTAxNCJ9\">\n\t\t\t\t\t<div class=\"e-gallery-image elementor-gallery-item__image\" data-thumbnail=\"https:\/\/www.stwdt-3d.de\/GB_STWDT\/wp-content\/uploads\/2022\/06\/mdm2021-6910-400x267.jpg\" data-width=\"400\" data-height=\"267\" aria-label=\"\" role=\"img\" ><\/div>\n\t\t\t\t\t\t\t\t\t\t\t<div class=\"elementor-gallery-item__overlay\"><\/div>\n\t\t\t\t\t\t\t\t\t\t\t\t\t\t<\/a>\n\t\t\t\t\t\t\t<a class=\"e-gallery-item elementor-gallery-item elementor-animated-content\" href=\"https:\/\/www.stwdt-3d.de\/GB_STWDT\/wp-content\/uploads\/2022\/06\/mdm2021-7172.jpg\" data-elementor-open-lightbox=\"yes\" data-elementor-lightbox-slideshow=\"cd7e014\" data-elementor-lightbox-title=\"Professorin Mary-Anne Kyriakou stellt die Lichtgestaltung vor \u00a9 mdm.photo\" data-e-action-hash=\"#elementor-action%3Aaction%3Dlightbox%26settings%3DeyJpZCI6MTk4MiwidXJsIjoiaHR0cHM6XC9cL3d3dy5zdHdkdC0zZC5kZVwvR0JfU1RXRFRcL3dwLWNvbnRlbnRcL3VwbG9hZHNcLzIwMjJcLzA2XC9tZG0yMDIxLTcxNzIuanBnIiwic2xpZGVzaG93IjoiY2Q3ZTAxNCJ9\">\n\t\t\t\t\t<div class=\"e-gallery-image elementor-gallery-item__image\" data-thumbnail=\"https:\/\/www.stwdt-3d.de\/GB_STWDT\/wp-content\/uploads\/2022\/06\/mdm2021-7172-400x267.jpg\" data-width=\"400\" data-height=\"267\" aria-label=\"\" role=\"img\" ><\/div>\n\t\t\t\t\t\t\t\t\t\t\t<div class=\"elementor-gallery-item__overlay\"><\/div>\n\t\t\t\t\t\t\t\t\t\t\t\t\t\t<\/a>\n\t\t\t\t\t\t\t<a class=\"e-gallery-item elementor-gallery-item elementor-animated-content\" href=\"https:\/\/www.stwdt-3d.de\/GB_STWDT\/wp-content\/uploads\/2022\/06\/mdm2021-7276.jpg\" data-elementor-open-lightbox=\"yes\" data-elementor-lightbox-slideshow=\"cd7e014\" data-elementor-lightbox-title=\"Eindr\u00fccke der Lichtshow \u00a9 mdm.photo\" data-e-action-hash=\"#elementor-action%3Aaction%3Dlightbox%26settings%3DeyJpZCI6MTgzMCwidXJsIjoiaHR0cHM6XC9cL3d3dy5zdHdkdC0zZC5kZVwvR0JfU1RXRFRcL3dwLWNvbnRlbnRcL3VwbG9hZHNcLzIwMjJcLzA2XC9tZG0yMDIxLTcyNzYuanBnIiwic2xpZGVzaG93IjoiY2Q3ZTAxNCJ9\">\n\t\t\t\t\t<div class=\"e-gallery-image elementor-gallery-item__image\" data-thumbnail=\"https:\/\/www.stwdt-3d.de\/GB_STWDT\/wp-content\/uploads\/2022\/06\/mdm2021-7276-400x267.jpg\" data-width=\"400\" data-height=\"267\" aria-label=\"\" role=\"img\" ><\/div>\n\t\t\t\t\t\t\t\t\t\t\t<div class=\"elementor-gallery-item__overlay\"><\/div>\n\t\t\t\t\t\t\t\t\t\t\t\t\t\t<\/a>\n\t\t\t\t\t<\/div>\n\t\t\t\t\t<\/div>\n\t\t\t\t<\/div>\n\t\t\t\t\t<\/div>\n\t\t<\/div>\n\t\t\t\t\t<\/div>\n\t\t<\/section>\n\t\t\t\t<section class=\"elementor-section elementor-top-section elementor-element elementor-element-c661d06 elementor-section-boxed elementor-section-height-default elementor-section-height-default\" data-id=\"c661d06\" data-element_type=\"section\" data-e-type=\"section\">\n\t\t\t\t\t\t<div class=\"elementor-container elementor-column-gap-default\">\n\t\t\t\t\t<div class=\"elementor-column elementor-col-100 elementor-top-column elementor-element elementor-element-9102e2b\" data-id=\"9102e2b\" data-element_type=\"column\" data-e-type=\"column\">\n\t\t\t<div class=\"elementor-widget-wrap elementor-element-populated\">\n\t\t\t\t\t\t<div class=\"elementor-element elementor-element-b364413 elementor-widget elementor-widget-heading\" data-id=\"b364413\" data-element_type=\"widget\" data-e-type=\"widget\" data-widget_type=\"heading.default\">\n\t\t\t\t<div class=\"elementor-widget-container\">\n\t\t\t\t\t<h2 class=\"elementor-heading-title elementor-size-default\">Durchstich am Bahnhof Detmold<\/h2>\t\t\t\t<\/div>\n\t\t\t\t<\/div>\n\t\t\t\t<div class=\"elementor-element elementor-element-d02811c elementor-widget elementor-widget-text-editor\" data-id=\"d02811c\" data-element_type=\"widget\" data-e-type=\"widget\" data-widget_type=\"text-editor.default\">\n\t\t\t\t<div class=\"elementor-widget-container\">\n\t\t\t\t\t\t\t\t\t<p><em><\/em><\/p>\n<p style=\"font-weight: 400;\">Mit der Einweihung des Durchstichs wurde eine gro\u00dfe Baustelle auf Detmolder Stadtgebiet abgeschlossen. F\u00fcr alle Detmolder*innen und Pendler*innen gibt es damit eine kurze Verbindung vom Kronenplatz zu den Gleisen. Optisch aufgewertet wurde die Unterf\u00fchrung von Illustrationen rund um \u201elippische und Detmolder Eigenheiten\u201c.<\/p>\n<p style=\"font-weight: 400;\">Einen H\u00f6hepunkt der Veranstaltung bot den Besucher*innen die Illumination des W\u00e4rmespeichers.\u00a0Erarbeitet in einem Workshop, nahmen 18 Studierende der TH-OWL die Besucher der Veranstaltung mit auf eine Lichtreise. Dabei erfolgte eine k\u00fcnstlerische Ann\u00e4herung \u00fcber die Komponenten, Farbe, Licht und Wahrnehmung, gegenst\u00e4ndlich und abstrahiert, Figuren aus der Region verbunden mit einem Blick auf aktuelle Themen. Der Bau des W\u00e4rmespeichers ist f\u00fcr die Stadtwerke ein wichtiger Bestandteil im Gesamtkonzept der zuk\u00fcnftigen Fernw\u00e4rmeversorgung in Detmold. J\u00e4hrlich werden hier weit mehr als 5.000 Tonnen CO<sub>2<\/sub> eingespart.<\/p>\n<p style=\"font-weight: 400;\">Links vom Speicher finden Besucher des Bahnhofsareals einen Gro\u00dfbildschirm der Stadtwerke Detmold. Wechselnde Motive, bestehend aus dem Ausblick \u00fcber Detmold und Bildmaterial aus dem Bestand der \u201eArbeitsgemeinschaft Historische Stadt Detmold\u201c sowie technische Daten \u00fcber den Speicher, sollen den Besucher*innen ein besonderes Erlebnis bieten. Einen \u00f6ffentlich zug\u00e4nglichen Link zu dieser Kamera ist auf der Internetseite der Stadtwerke verf\u00fcgbar. Auch die Veranstaltung am 28.08.2021 konnten \u00a0Detmolder*innen \u00fcber <a href=\"http:\/\/www.stadtwerke-detmold.de\/\">www.stadtwerke-detmold.de<\/a> live mitverfolgen. Die Eintrittsgelder (je 1 Euro inkl. Hermannente) wurden der Detmolder Kunst- und Kulturszene gespendet.<\/p>\n\n<figure class=\"wp-block-embed-youtube wp-block-embed is-type-video is-provider-youtube wp-embed-aspect-16-9 wp-has-aspect-ratio\"><\/figure>\n\t\t\t\t\t\t\t\t<\/div>\n\t\t\t\t<\/div>\n\t\t\t\t\t<\/div>\n\t\t<\/div>\n\t\t\t\t\t<\/div>\n\t\t<\/section>\n\t\t\t\t<\/div>\n\t\t","protected":false},"excerpt":{"rendered":"<p>Offizielle Einweihung des W\u00e4rmespeichers Am 28. August 2021 verwandelten Stadt und Stadtwerke den Kronenplatz in Detmold zur Kulturarena. An diesem Tag wurden der W\u00e4rmespeicher und der Durchstich am Bahnhof offiziell eingeweiht. F\u00fcr Unterhaltung sorgte an diesem Tag ein buntes Unterhaltungsprogramm mit Musik, Comedy und einer Lightshow. Bruno Knust, bekannt unter dem K\u00fcnstlernamen G\u00fcnna, pr\u00e4sentierte als [&hellip;]<\/p>\n","protected":false},"author":1,"featured_media":2309,"comment_status":"closed","ping_status":"closed","sticky":false,"template":"","format":"standard","meta":{"_acf_changed":false,"footnotes":""},"categories":[14],"tags":[],"cd-version":[],"class_list":["post-1977","post","type-post","status-publish","format-standard","has-post-thumbnail","hentry","category-14"],"acf":[],"_links":{"self":[{"href":"https:\/\/www.stwdt-3d.de\/GB_STWDT\/wp-json\/wp\/v2\/posts\/1977","targetHints":{"allow":["GET"]}}],"collection":[{"href":"https:\/\/www.stwdt-3d.de\/GB_STWDT\/wp-json\/wp\/v2\/posts"}],"about":[{"href":"https:\/\/www.stwdt-3d.de\/GB_STWDT\/wp-json\/wp\/v2\/types\/post"}],"author":[{"embeddable":true,"href":"https:\/\/www.stwdt-3d.de\/GB_STWDT\/wp-json\/wp\/v2\/users\/1"}],"replies":[{"embeddable":true,"href":"https:\/\/www.stwdt-3d.de\/GB_STWDT\/wp-json\/wp\/v2\/comments?post=1977"}],"version-history":[{"count":33,"href":"https:\/\/www.stwdt-3d.de\/GB_STWDT\/wp-json\/wp\/v2\/posts\/1977\/revisions"}],"predecessor-version":[{"id":2312,"href":"https:\/\/www.stwdt-3d.de\/GB_STWDT\/wp-json\/wp\/v2\/posts\/1977\/revisions\/2312"}],"wp:featuredmedia":[{"embeddable":true,"href":"https:\/\/www.stwdt-3d.de\/GB_STWDT\/wp-json\/wp\/v2\/media\/2309"}],"wp:attachment":[{"href":"https:\/\/www.stwdt-3d.de\/GB_STWDT\/wp-json\/wp\/v2\/media?parent=1977"}],"wp:term":[{"taxonomy":"category","embeddable":true,"href":"https:\/\/www.stwdt-3d.de\/GB_STWDT\/wp-json\/wp\/v2\/categories?post=1977"},{"taxonomy":"post_tag","embeddable":true,"href":"https:\/\/www.stwdt-3d.de\/GB_STWDT\/wp-json\/wp\/v2\/tags?post=1977"},{"taxonomy":"cd-version","embeddable":true,"href":"https:\/\/www.stwdt-3d.de\/GB_STWDT\/wp-json\/wp\/v2\/cd-version?post=1977"}],"curies":[{"name":"wp","href":"https:\/\/api.w.org\/{rel}","templated":true}]}}