{"id":2430,"date":"2023-06-21T17:50:49","date_gmt":"2023-06-21T15:50:49","guid":{"rendered":"https:\/\/beta.k-konzept.de\/gb2019\/?p=2430"},"modified":"2023-07-24T11:55:11","modified_gmt":"2023-07-24T09:55:11","slug":"gemeinsam-fuer-klima-und-artenschutz","status":"publish","type":"post","link":"https:\/\/www.stwdt-3d.de\/GB_STWDT\/2023\/06\/gemeinsam-fuer-klima-und-artenschutz\/","title":{"rendered":"Gemeinsam f\u00fcr Klima- und Artenschutz"},"content":{"rendered":"\t\t<div data-elementor-type=\"wp-post\" data-elementor-id=\"2430\" class=\"elementor elementor-2430\" data-elementor-post-type=\"post\">\n\t\t\t\t\t\t<section class=\"elementor-section elementor-top-section elementor-element elementor-element-5f26b43 elementor-section-boxed elementor-section-height-default elementor-section-height-default\" data-id=\"5f26b43\" data-element_type=\"section\" data-e-type=\"section\">\n\t\t\t\t\t\t<div class=\"elementor-container elementor-column-gap-default\">\n\t\t\t\t\t<div class=\"elementor-column elementor-col-100 elementor-top-column elementor-element elementor-element-e642b78\" data-id=\"e642b78\" data-element_type=\"column\" data-e-type=\"column\">\n\t\t\t<div class=\"elementor-widget-wrap elementor-element-populated\">\n\t\t\t\t\t\t<div class=\"elementor-element elementor-element-43122d9 elementor-widget elementor-widget-heading\" data-id=\"43122d9\" data-element_type=\"widget\" data-e-type=\"widget\" data-widget_type=\"heading.default\">\n\t\t\t\t<div class=\"elementor-widget-container\">\n\t\t\t\t\t<h2 class=\"elementor-heading-title elementor-size-default\">Stadtwerke Detmold unterst\u00fctzen Landesverband Lippe bei Wiederaufforstung mit 60.000 Euro<\/h2>\t\t\t\t<\/div>\n\t\t\t\t<\/div>\n\t\t\t\t<div class=\"elementor-element elementor-element-2120e0c elementor-widget elementor-widget-text-editor\" data-id=\"2120e0c\" data-element_type=\"widget\" data-e-type=\"widget\" data-widget_type=\"text-editor.default\">\n\t\t\t\t<div class=\"elementor-widget-container\">\n\t\t\t\t\t\t\t\t\t<p>Wer die Wege von Detmold aus hoch zum Hermannsdenkmal nimmt, hat an vielen Stellen einen freien Blick \u00fcber die Stadt, doch die wenigsten k\u00f6nnen sich dar\u00fcber freuen: Tausende B\u00e4ume sind D\u00fcrre und Borkenk\u00e4fern zum Opfer gefallen. Wo einst dichte W\u00e4lder die Sicht versperrten, herrscht heute Leere. Die Forstabteilung des Landesverbands ist deshalb seit 2020 kr\u00e4ftig dabei, diese Fl\u00e4chen wieder aufzuforsten.<\/p><p>Die Stadtwerke Detmold unterst\u00fctzen mit einer gro\u00dfz\u00fcgigen Spende \u00fcber 60.000 Euro und wollen damit ein deutliches Signal f\u00fcr Klimaschutz und Artenvielfalt setzen. Mit dem Engagement von 15.000 Setzlingen schaffen wir einen neuen Wald, der sch\u00e4dliches Kohlendioxid bindet und damit den Folgen des Klimawandels entgegenwirkt. Als regional verankertes Unternehmen tragen wir eine besondere Verantwortung f\u00fcr den Klimaschutz in unserer Region. Wir setzen uns f\u00fcr einen sparsamen und effizienten Umgang mit nat\u00fcrlichen Ressourcen sowie f\u00fcr den Umweltschutz ein. F\u00fcr jeden Erdgaskunden pflanzen wir einen Baum und wollen damit ganz bewusst einen wichtigen Zukunftsbeitrag leisten.<\/p><p>Die jungen B\u00e4ume wurden auf Fl\u00e4chen am L\u00f6nspfad westlich des Hermannsdenkmals, am Maiweg (Detmold) sowie im Leistruper Wald in einer Gesamtgr\u00f6\u00dfe von 17 Hektar gepflanzt. Durchschnittlich acht Tonnen Kohlendioxid werden in einem Hektar Wald pro Jahr gebunden. Mit der Spende der Stadtwerke begr\u00fcnden wir also Waldareale, die j\u00e4hrlich ca. 136 Tonnen Kohlendioxid aus der Luft entnehmen und als Kohlenstoff in der Biomasse der B\u00e4ume einlagern werden. W\u00e4lder produzieren Sauerstoff, sind Hot Spots der Artenvielfalt und Lebensraum f\u00fcr Pflanzen und Tiere, speichern Wasser und sind Erholungsraum f\u00fcr B\u00fcrgerinnen und B\u00fcrger.<\/p>\t\t\t\t\t\t\t\t<\/div>\n\t\t\t\t<\/div>\n\t\t\t\t\t<\/div>\n\t\t<\/div>\n\t\t\t\t\t<\/div>\n\t\t<\/section>\n\t\t\t\t<section class=\"elementor-section elementor-top-section elementor-element elementor-element-901fcd3 elementor-section-boxed elementor-section-height-default elementor-section-height-default\" data-id=\"901fcd3\" data-element_type=\"section\" data-e-type=\"section\">\n\t\t\t\t\t\t<div class=\"elementor-container elementor-column-gap-default\">\n\t\t\t\t\t<div class=\"elementor-column elementor-col-100 elementor-top-column elementor-element elementor-element-c3aad98\" data-id=\"c3aad98\" data-element_type=\"column\" data-e-type=\"column\">\n\t\t\t<div class=\"elementor-widget-wrap elementor-element-populated\">\n\t\t\t\t\t\t<div class=\"elementor-element elementor-element-cd7e014 elementor-widget elementor-widget-gallery\" data-id=\"cd7e014\" data-element_type=\"widget\" data-e-type=\"widget\" data-settings=\"{&quot;columns&quot;:2,&quot;lazyload&quot;:&quot;yes&quot;,&quot;gallery_layout&quot;:&quot;grid&quot;,&quot;columns_tablet&quot;:2,&quot;columns_mobile&quot;:1,&quot;gap&quot;:{&quot;unit&quot;:&quot;px&quot;,&quot;size&quot;:10,&quot;sizes&quot;:[]},&quot;gap_tablet&quot;:{&quot;unit&quot;:&quot;px&quot;,&quot;size&quot;:10,&quot;sizes&quot;:[]},&quot;gap_mobile&quot;:{&quot;unit&quot;:&quot;px&quot;,&quot;size&quot;:10,&quot;sizes&quot;:[]},&quot;link_to&quot;:&quot;file&quot;,&quot;aspect_ratio&quot;:&quot;3:2&quot;,&quot;overlay_background&quot;:&quot;yes&quot;,&quot;content_hover_animation&quot;:&quot;fade-in&quot;}\" data-widget_type=\"gallery.default\">\n\t\t\t\t<div class=\"elementor-widget-container\">\n\t\t\t\t\t\t\t<div class=\"elementor-gallery__container\">\n\t\t\t\t\t\t\t<a class=\"e-gallery-item elementor-gallery-item elementor-animated-content\" href=\"https:\/\/www.stwdt-3d.de\/GB_STWDT\/wp-content\/uploads\/2023\/06\/mdm-0118-cut-1800.jpg\" data-elementor-open-lightbox=\"yes\" data-elementor-lightbox-slideshow=\"cd7e014\" data-elementor-lightbox-title=\"\u00a9 mdm.photo\" data-e-action-hash=\"#elementor-action%3Aaction%3Dlightbox%26settings%3DeyJpZCI6MjU4NCwidXJsIjoiaHR0cHM6XC9cL3d3dy5zdHdkdC0zZC5kZVwvR0JfU1RXRFRcL3dwLWNvbnRlbnRcL3VwbG9hZHNcLzIwMjNcLzA2XC9tZG0tMDExOC1jdXQtMTgwMC5qcGciLCJzbGlkZXNob3ciOiJjZDdlMDE0In0%3D\">\n\t\t\t\t\t<div class=\"e-gallery-image elementor-gallery-item__image\" data-thumbnail=\"https:\/\/www.stwdt-3d.de\/GB_STWDT\/wp-content\/uploads\/2023\/06\/mdm-0118-cut-1800-400x267.jpg\" data-width=\"400\" data-height=\"267\" aria-label=\"\" role=\"img\" ><\/div>\n\t\t\t\t\t\t\t\t\t\t\t<div class=\"elementor-gallery-item__overlay\"><\/div>\n\t\t\t\t\t\t\t\t\t\t\t\t\t\t<\/a>\n\t\t\t\t\t\t\t<a class=\"e-gallery-item elementor-gallery-item elementor-animated-content\" href=\"https:\/\/www.stwdt-3d.de\/GB_STWDT\/wp-content\/uploads\/2023\/06\/mdm-0079-1800.jpg\" data-elementor-open-lightbox=\"yes\" data-elementor-lightbox-slideshow=\"cd7e014\" data-elementor-lightbox-title=\"Haben den Spatenstich f\u00fcr den Wald von morgen gesetzt (v.l.n.r.): Verbandsvorsteher J\u00f6rg D\u00fcning-Gast, der Aufsichtsratsvorsitzende der Stadtwerke Detmold GmbH Stephan Grigat, der Leiter der Forstabteilung Hans-Ulrich Braun, der Gesch\u00e4ftsf\u00fchrer der Stadtwerke Detmold J\u00f6rg Karlikowski und der Leiter des Forstreviers Hiddesen Stefan Schreiber. \u00a9 mdm.photo\" data-e-action-hash=\"#elementor-action%3Aaction%3Dlightbox%26settings%3DeyJpZCI6MjU4MywidXJsIjoiaHR0cHM6XC9cL3d3dy5zdHdkdC0zZC5kZVwvR0JfU1RXRFRcL3dwLWNvbnRlbnRcL3VwbG9hZHNcLzIwMjNcLzA2XC9tZG0tMDA3OS0xODAwLmpwZyIsInNsaWRlc2hvdyI6ImNkN2UwMTQifQ%3D%3D\">\n\t\t\t\t\t<div class=\"e-gallery-image elementor-gallery-item__image\" data-thumbnail=\"https:\/\/www.stwdt-3d.de\/GB_STWDT\/wp-content\/uploads\/2023\/06\/mdm-0079-1800-400x267.jpg\" data-width=\"400\" data-height=\"267\" aria-label=\"\" role=\"img\" ><\/div>\n\t\t\t\t\t\t\t\t\t\t\t<div class=\"elementor-gallery-item__overlay\"><\/div>\n\t\t\t\t\t\t\t\t\t\t\t\t\t\t<\/a>\n\t\t\t\t\t<\/div>\n\t\t\t\t\t<\/div>\n\t\t\t\t<\/div>\n\t\t\t\t\t<\/div>\n\t\t<\/div>\n\t\t\t\t\t<\/div>\n\t\t<\/section>\n\t\t\t\t<\/div>\n\t\t","protected":false},"excerpt":{"rendered":"<p>Stadtwerke Detmold unterst\u00fctzen Landesverband Lippe bei Wiederaufforstung mit 60.000 Euro Wer die Wege von Detmold aus hoch zum Hermannsdenkmal nimmt, hat an vielen Stellen einen freien Blick \u00fcber die Stadt, doch die wenigsten k\u00f6nnen sich dar\u00fcber freuen: Tausende B\u00e4ume sind D\u00fcrre und Borkenk\u00e4fern zum Opfer gefallen. Wo einst dichte W\u00e4lder die Sicht versperrten, herrscht heute [&hellip;]<\/p>\n","protected":false},"author":1,"featured_media":2583,"comment_status":"closed","ping_status":"closed","sticky":false,"template":"","format":"standard","meta":{"_acf_changed":false,"footnotes":""},"categories":[16,17],"tags":[],"cd-version":[],"class_list":["post-2430","post","type-post","status-publish","format-standard","has-post-thumbnail","hentry","category-16","category-spezial"],"acf":[],"_links":{"self":[{"href":"https:\/\/www.stwdt-3d.de\/GB_STWDT\/wp-json\/wp\/v2\/posts\/2430","targetHints":{"allow":["GET"]}}],"collection":[{"href":"https:\/\/www.stwdt-3d.de\/GB_STWDT\/wp-json\/wp\/v2\/posts"}],"about":[{"href":"https:\/\/www.stwdt-3d.de\/GB_STWDT\/wp-json\/wp\/v2\/types\/post"}],"author":[{"embeddable":true,"href":"https:\/\/www.stwdt-3d.de\/GB_STWDT\/wp-json\/wp\/v2\/users\/1"}],"replies":[{"embeddable":true,"href":"https:\/\/www.stwdt-3d.de\/GB_STWDT\/wp-json\/wp\/v2\/comments?post=2430"}],"version-history":[{"count":21,"href":"https:\/\/www.stwdt-3d.de\/GB_STWDT\/wp-json\/wp\/v2\/posts\/2430\/revisions"}],"predecessor-version":[{"id":2839,"href":"https:\/\/www.stwdt-3d.de\/GB_STWDT\/wp-json\/wp\/v2\/posts\/2430\/revisions\/2839"}],"wp:featuredmedia":[{"embeddable":true,"href":"https:\/\/www.stwdt-3d.de\/GB_STWDT\/wp-json\/wp\/v2\/media\/2583"}],"wp:attachment":[{"href":"https:\/\/www.stwdt-3d.de\/GB_STWDT\/wp-json\/wp\/v2\/media?parent=2430"}],"wp:term":[{"taxonomy":"category","embeddable":true,"href":"https:\/\/www.stwdt-3d.de\/GB_STWDT\/wp-json\/wp\/v2\/categories?post=2430"},{"taxonomy":"post_tag","embeddable":true,"href":"https:\/\/www.stwdt-3d.de\/GB_STWDT\/wp-json\/wp\/v2\/tags?post=2430"},{"taxonomy":"cd-version","embeddable":true,"href":"https:\/\/www.stwdt-3d.de\/GB_STWDT\/wp-json\/wp\/v2\/cd-version?post=2430"}],"curies":[{"name":"wp","href":"https:\/\/api.w.org\/{rel}","templated":true}]}}