{"id":2930,"date":"2024-06-11T15:12:44","date_gmt":"2024-06-11T13:12:44","guid":{"rendered":"https:\/\/beta.k-konzept.de\/gb2019\/?p=2930"},"modified":"2024-08-20T14:25:58","modified_gmt":"2024-08-20T12:25:58","slug":"neubau-im-zeitplan-errichtet-vorbildfunktion-fuer-den-klimaschutz","status":"publish","type":"post","link":"https:\/\/www.stwdt-3d.de\/GB_STWDT\/2024\/06\/neubau-im-zeitplan-errichtet-vorbildfunktion-fuer-den-klimaschutz\/","title":{"rendered":"Neubau \u2013 Vorbildfunktion f\u00fcr den Klimaschutz"},"content":{"rendered":"\t\t<div data-elementor-type=\"wp-post\" data-elementor-id=\"2930\" class=\"elementor elementor-2930\" data-elementor-post-type=\"post\">\n\t\t\t\t\t\t<section class=\"elementor-section elementor-top-section elementor-element elementor-element-5f26b43 elementor-section-boxed elementor-section-height-default elementor-section-height-default\" data-id=\"5f26b43\" data-element_type=\"section\" data-e-type=\"section\">\n\t\t\t\t\t\t<div class=\"elementor-container elementor-column-gap-default\">\n\t\t\t\t\t<div class=\"elementor-column elementor-col-100 elementor-top-column elementor-element elementor-element-e642b78\" data-id=\"e642b78\" data-element_type=\"column\" data-e-type=\"column\">\n\t\t\t<div class=\"elementor-widget-wrap elementor-element-populated\">\n\t\t\t\t\t\t<div class=\"elementor-element elementor-element-2120e0c elementor-widget elementor-widget-text-editor\" data-id=\"2120e0c\" data-element_type=\"widget\" data-e-type=\"widget\" data-widget_type=\"text-editor.default\">\n\t\t\t\t<div class=\"elementor-widget-container\">\n\t\t\t\t\t\t\t\t\t<p>In einer Bauzeit von rund 24 Monaten haben die Stadtwerke auf dem bestehenden Grundst\u00fcck \u201eAm Gelskamp 10\u201c einen funktionalen Bau in der \u201eEffizienzgeb\u00e4ude 40 Erneuerbare-Energien-Klasse\u201c errichtet. Das Geb\u00e4udekonzept des Neubaus der Stadtwerke setzt auf Energieeffizienz, Nachhaltigkeit und eine aktive Energieversorgung. In dem tageslichtdurchfluteten Geb\u00e4ude f\u00fcr Verwaltung, Werkstatt und Lager auf rund 4.600 Quadratmetern Fl\u00e4che, werden rund 181 Stadtwerke-Mitarbeiterinnen und -Mitarbeiter die Energiewende in Detmold vorantreiben. Die Investitionen belaufen sich auf rund 16 Mio. Euro, wobei der Bau mit 2,2 Mio. Euro durch eine KfW-F\u00f6rderung BEG Nichtwohngeb\u00e4ude als \u201eEffizienzgeb\u00e4udes 40 Erneuerbare Energien\u201c bezuschusst wird, wodurch sich die Kosten auf ca. 13,8 Mio. Euro reduzieren.\u00a0<\/p><p>Das bestehende Verwaltungsgeb\u00e4ude der Stadtwerke mit angrenzenden Lager- und Werkstattr\u00e4umen wurde 1981 errichtet. Seitdem sind neue Gesch\u00e4ftsfelder wie Fernw\u00e4rme und Stromversorgung sowie die damit verbundene h\u00f6here Mitarbeiterzahl hinzugekommen. Weiterhin machten die nicht mehr den aktuellen Anforderungen an Energieeffizienz, Arbeits-, Schall- und W\u00e4rmeschutz entsprechenden R\u00e4umlichkeiten, dieses Vorhaben erforderlich.<\/p><p>Der Aufsichtsrat der Stadtwerke Detmold GmbH hatte sich im Mai 2020 bei der Abw\u00e4gung zwischen einem Anbau einschlie\u00dflich der Kernsanierung des Bestandsgeb\u00e4udes und dem Neubau aufgrund des besseren Konzeptes f\u00fcr den Neubau entschieden.<\/p>\t\t\t\t\t\t\t\t<\/div>\n\t\t\t\t<\/div>\n\t\t\t\t\t<\/div>\n\t\t<\/div>\n\t\t\t\t\t<\/div>\n\t\t<\/section>\n\t\t\t\t<section class=\"elementor-section elementor-top-section elementor-element elementor-element-901fcd3 elementor-section-boxed elementor-section-height-default elementor-section-height-default\" data-id=\"901fcd3\" data-element_type=\"section\" data-e-type=\"section\">\n\t\t\t\t\t\t<div class=\"elementor-container elementor-column-gap-default\">\n\t\t\t\t\t<div class=\"elementor-column elementor-col-100 elementor-top-column elementor-element elementor-element-c3aad98\" data-id=\"c3aad98\" data-element_type=\"column\" data-e-type=\"column\">\n\t\t\t<div class=\"elementor-widget-wrap elementor-element-populated\">\n\t\t\t\t\t\t<div class=\"elementor-element elementor-element-cd7e014 elementor-widget elementor-widget-gallery\" data-id=\"cd7e014\" data-element_type=\"widget\" data-e-type=\"widget\" data-settings=\"{&quot;columns&quot;:2,&quot;lazyload&quot;:&quot;yes&quot;,&quot;gallery_layout&quot;:&quot;grid&quot;,&quot;columns_tablet&quot;:2,&quot;columns_mobile&quot;:1,&quot;gap&quot;:{&quot;unit&quot;:&quot;px&quot;,&quot;size&quot;:10,&quot;sizes&quot;:[]},&quot;gap_tablet&quot;:{&quot;unit&quot;:&quot;px&quot;,&quot;size&quot;:10,&quot;sizes&quot;:[]},&quot;gap_mobile&quot;:{&quot;unit&quot;:&quot;px&quot;,&quot;size&quot;:10,&quot;sizes&quot;:[]},&quot;link_to&quot;:&quot;file&quot;,&quot;aspect_ratio&quot;:&quot;3:2&quot;,&quot;overlay_background&quot;:&quot;yes&quot;,&quot;content_hover_animation&quot;:&quot;fade-in&quot;}\" data-widget_type=\"gallery.default\">\n\t\t\t\t<div class=\"elementor-widget-container\">\n\t\t\t\t\t\t\t<div class=\"elementor-gallery__container\">\n\t\t\t\t\t\t\t<a class=\"e-gallery-item elementor-gallery-item elementor-animated-content\" href=\"https:\/\/www.stwdt-3d.de\/GB_STWDT\/wp-content\/uploads\/2024\/06\/PK-Mai-2024-Neubau-quer-\u00a9-mdm.photo_.webp\" data-elementor-open-lightbox=\"yes\" data-elementor-lightbox-slideshow=\"cd7e014\" data-elementor-lightbox-title=\"Pressekonferenz im Neubau \u00a9 mdm.photo\" data-e-action-hash=\"#elementor-action%3Aaction%3Dlightbox%26settings%3DeyJpZCI6Mjk5NiwidXJsIjoiaHR0cHM6XC9cL3d3dy5zdHdkdC0zZC5kZVwvR0JfU1RXRFRcL3dwLWNvbnRlbnRcL3VwbG9hZHNcLzIwMjRcLzA2XC9QSy1NYWktMjAyNC1OZXViYXUtcXVlci1cdTAwYTktbWRtLnBob3RvXy53ZWJwIiwic2xpZGVzaG93IjoiY2Q3ZTAxNCJ9\">\n\t\t\t\t\t<div class=\"e-gallery-image elementor-gallery-item__image\" data-thumbnail=\"https:\/\/www.stwdt-3d.de\/GB_STWDT\/wp-content\/uploads\/2024\/06\/PK-Mai-2024-Neubau-quer-\u00a9-mdm.photo_-768x512.webp\" data-width=\"768\" data-height=\"512\" aria-label=\"\" role=\"img\" ><\/div>\n\t\t\t\t\t\t\t\t\t\t\t<div class=\"elementor-gallery-item__overlay\"><\/div>\n\t\t\t\t\t\t\t\t\t\t\t\t\t\t<\/a>\n\t\t\t\t\t\t\t<a class=\"e-gallery-item elementor-gallery-item elementor-animated-content\" href=\"https:\/\/www.stwdt-3d.de\/GB_STWDT\/wp-content\/uploads\/2024\/06\/Rendering-Neubau.webp\" data-elementor-open-lightbox=\"yes\" data-elementor-lightbox-slideshow=\"cd7e014\" data-elementor-lightbox-title=\"Hoher Energiestandard, optimierte Arbeitsabl\u00e4ufe und Kundenservice \u2013 alles unter einem Dach.\" data-e-action-hash=\"#elementor-action%3Aaction%3Dlightbox%26settings%3DeyJpZCI6Mjk5NywidXJsIjoiaHR0cHM6XC9cL3d3dy5zdHdkdC0zZC5kZVwvR0JfU1RXRFRcL3dwLWNvbnRlbnRcL3VwbG9hZHNcLzIwMjRcLzA2XC9SZW5kZXJpbmctTmV1YmF1LndlYnAiLCJzbGlkZXNob3ciOiJjZDdlMDE0In0%3D\">\n\t\t\t\t\t<div class=\"e-gallery-image elementor-gallery-item__image\" data-thumbnail=\"https:\/\/www.stwdt-3d.de\/GB_STWDT\/wp-content\/uploads\/2024\/06\/Rendering-Neubau-768x432.webp\" data-width=\"768\" data-height=\"432\" aria-label=\"\" role=\"img\" ><\/div>\n\t\t\t\t\t\t\t\t\t\t\t<div class=\"elementor-gallery-item__overlay\"><\/div>\n\t\t\t\t\t\t\t\t\t\t\t\t\t\t<\/a>\n\t\t\t\t\t<\/div>\n\t\t\t\t\t<\/div>\n\t\t\t\t<\/div>\n\t\t\t\t\t<\/div>\n\t\t<\/div>\n\t\t\t\t\t<\/div>\n\t\t<\/section>\n\t\t\t\t<section class=\"elementor-section elementor-top-section elementor-element elementor-element-289bc06 elementor-section-boxed elementor-section-height-default elementor-section-height-default\" data-id=\"289bc06\" data-element_type=\"section\" data-e-type=\"section\">\n\t\t\t\t\t\t<div class=\"elementor-container elementor-column-gap-default\">\n\t\t\t\t\t<div class=\"elementor-column elementor-col-100 elementor-top-column elementor-element elementor-element-ee1be79\" data-id=\"ee1be79\" data-element_type=\"column\" data-e-type=\"column\">\n\t\t\t<div class=\"elementor-widget-wrap elementor-element-populated\">\n\t\t\t\t\t\t<div class=\"elementor-element elementor-element-a6dbea0 elementor-widget elementor-widget-heading\" data-id=\"a6dbea0\" data-element_type=\"widget\" data-e-type=\"widget\" data-widget_type=\"heading.default\">\n\t\t\t\t<div class=\"elementor-widget-container\">\n\t\t\t\t\t<h2 class=\"elementor-heading-title elementor-size-default\">Hoher Energiestandard, optimierte Arbeitsabl\u00e4ufe \u2013 Verwaltung, Lager und Werkstatt \u2013 alles unter einem Dach.<\/h2>\t\t\t\t<\/div>\n\t\t\t\t<\/div>\n\t\t\t\t<div class=\"elementor-element elementor-element-f6ff3fb elementor-widget elementor-widget-text-editor\" data-id=\"f6ff3fb\" data-element_type=\"widget\" data-e-type=\"widget\" data-widget_type=\"text-editor.default\">\n\t\t\t\t<div class=\"elementor-widget-container\">\n\t\t\t\t\t\t\t\t\t<p>Neben der eigenen, regenerativ erzeugten Fernw\u00e4rme decken zwei Photovoltaikanlagen mit einer Leistung von 181\u00a0kWp den Eigenstromverbrauch ab. Durch den Einsatz moderner und energiesparender Technik und einer gegen\u00fcber den Anforderungen des geltenden Geb\u00e4udeenergiegesetzes verbesserten thermischen Geb\u00e4udeh\u00fclle erreicht der Neubau ann\u00e4hernd Passivhaus-Standard. Ein Gr\u00fcndach dient dar\u00fcber hinaus zur Steigerung der Biodiversit\u00e4t und Artenvielfalt.<\/p><p>Ressourcen effizient zu nutzen und die Umwelt zu schonen sind zentrale Ziele der Stadtwerke-Klimaschutzstrategie. Mit dem Ansatz \u201eCradle to Cradle\u201c (von der Wiege zur Wiege) \u2013 f\u00fcr eine durchg\u00e4ngige und konsequente Kreislaufwirtschaft \u2013 verleiht dies dem Bau einen zus\u00e4tzlich nachhaltigen und \u00f6kologischen Fu\u00dfabdruck. Hinzu kommen (nach der Fertigstellung der Au\u00dfenanlagen) eine leistungsstarke Ladeinfrastruktur f\u00fcr Kundinnen und Kunden, Mitarbeiterinnen und Mitarbeiter sowie die Stadtwerke-E-Fahrzeug-Flotte.<\/p><p>Alle Verwaltungs- und Betriebsabteilungen einschlie\u00dflich Lager- und Werkstattr\u00e4umen befinden sich jetzt unter einem Dach. Dies f\u00fchrt zu einer bereits jetzt schon messbaren Optimierung der internen Arbeitsprozesse und des Informationsflusses.<\/p><h3>Forum bietet M\u00f6glichkeiten f\u00fcr Veranstaltungen<\/h3><p>Ein moderner Veranstaltungsraum erm\u00f6glicht es den Stadtwerken zuk\u00fcnftig, aktuelle Energiethemen wie kommunale W\u00e4rmeplanung und erneuerbare Energien unter Einbindung von Marktpartnern und der Stadt Detmold zu kommunizieren. Ebenso sollen hier Infoveranstaltungen f\u00fcr Sch\u00fclerinnen und Sch\u00fcler stattfinden. Das energetisch innovative Geb\u00e4udekonzept setzt neue Ma\u00dfst\u00e4be f\u00fcr mehr Klimaschutz und bietet zuk\u00fcnftig Raum f\u00fcr modernes und kommunikatives Arbeiten.<\/p>\t\t\t\t\t\t\t\t<\/div>\n\t\t\t\t<\/div>\n\t\t\t\t\t<\/div>\n\t\t<\/div>\n\t\t\t\t\t<\/div>\n\t\t<\/section>\n\t\t\t\t<\/div>\n\t\t","protected":false},"excerpt":{"rendered":"<p>In einer Bauzeit von rund 24 Monaten haben die Stadtwerke auf dem bestehenden Grundst\u00fcck \u201eAm Gelskamp 10\u201c einen funktionalen Bau in der \u201eEffizienzgeb\u00e4ude 40 Erneuerbare-Energien-Klasse\u201c errichtet. Das Geb\u00e4udekonzept des Neubaus der Stadtwerke setzt auf Energieeffizienz, Nachhaltigkeit und eine aktive Energieversorgung. In dem tageslichtdurchfluteten Geb\u00e4ude f\u00fcr Verwaltung, Werkstatt und Lager auf rund 4.600 Quadratmetern Fl\u00e4che, werden [&hellip;]<\/p>\n","protected":false},"author":1,"featured_media":3009,"comment_status":"closed","ping_status":"closed","sticky":false,"template":"","format":"standard","meta":{"_acf_changed":false,"footnotes":""},"categories":[18,17],"tags":[],"cd-version":[],"class_list":["post-2930","post","type-post","status-publish","format-standard","has-post-thumbnail","hentry","category-18","category-spezial"],"acf":[],"_links":{"self":[{"href":"https:\/\/www.stwdt-3d.de\/GB_STWDT\/wp-json\/wp\/v2\/posts\/2930","targetHints":{"allow":["GET"]}}],"collection":[{"href":"https:\/\/www.stwdt-3d.de\/GB_STWDT\/wp-json\/wp\/v2\/posts"}],"about":[{"href":"https:\/\/www.stwdt-3d.de\/GB_STWDT\/wp-json\/wp\/v2\/types\/post"}],"author":[{"embeddable":true,"href":"https:\/\/www.stwdt-3d.de\/GB_STWDT\/wp-json\/wp\/v2\/users\/1"}],"replies":[{"embeddable":true,"href":"https:\/\/www.stwdt-3d.de\/GB_STWDT\/wp-json\/wp\/v2\/comments?post=2930"}],"version-history":[{"count":5,"href":"https:\/\/www.stwdt-3d.de\/GB_STWDT\/wp-json\/wp\/v2\/posts\/2930\/revisions"}],"predecessor-version":[{"id":3444,"href":"https:\/\/www.stwdt-3d.de\/GB_STWDT\/wp-json\/wp\/v2\/posts\/2930\/revisions\/3444"}],"wp:featuredmedia":[{"embeddable":true,"href":"https:\/\/www.stwdt-3d.de\/GB_STWDT\/wp-json\/wp\/v2\/media\/3009"}],"wp:attachment":[{"href":"https:\/\/www.stwdt-3d.de\/GB_STWDT\/wp-json\/wp\/v2\/media?parent=2930"}],"wp:term":[{"taxonomy":"category","embeddable":true,"href":"https:\/\/www.stwdt-3d.de\/GB_STWDT\/wp-json\/wp\/v2\/categories?post=2930"},{"taxonomy":"post_tag","embeddable":true,"href":"https:\/\/www.stwdt-3d.de\/GB_STWDT\/wp-json\/wp\/v2\/tags?post=2930"},{"taxonomy":"cd-version","embeddable":true,"href":"https:\/\/www.stwdt-3d.de\/GB_STWDT\/wp-json\/wp\/v2\/cd-version?post=2930"}],"curies":[{"name":"wp","href":"https:\/\/api.w.org\/{rel}","templated":true}]}}