{"id":3089,"date":"2024-06-14T11:48:54","date_gmt":"2024-06-14T09:48:54","guid":{"rendered":"https:\/\/beta.k-konzept.de\/gb2019\/?p=3089"},"modified":"2024-07-25T12:59:00","modified_gmt":"2024-07-25T10:59:00","slug":"stadtwerke-detmold-machen-auf-den-weltwassertag-aufmerksam","status":"publish","type":"post","link":"https:\/\/www.stwdt-3d.de\/GB_STWDT\/2024\/06\/stadtwerke-detmold-machen-auf-den-weltwassertag-aufmerksam\/","title":{"rendered":"Stadtwerke Detmold machen auf den Weltwassertag aufmerksam"},"content":{"rendered":"\t\t<div data-elementor-type=\"wp-post\" data-elementor-id=\"3089\" class=\"elementor elementor-3089\" data-elementor-post-type=\"post\">\n\t\t\t\t\t\t<section class=\"elementor-section elementor-top-section elementor-element elementor-element-5f26b43 elementor-section-boxed elementor-section-height-default elementor-section-height-default\" data-id=\"5f26b43\" data-element_type=\"section\" data-e-type=\"section\">\n\t\t\t\t\t\t<div class=\"elementor-container elementor-column-gap-default\">\n\t\t\t\t\t<div class=\"elementor-column elementor-col-100 elementor-top-column elementor-element elementor-element-e642b78\" data-id=\"e642b78\" data-element_type=\"column\" data-e-type=\"column\">\n\t\t\t<div class=\"elementor-widget-wrap elementor-element-populated\">\n\t\t\t\t\t\t<div class=\"elementor-element elementor-element-2120e0c elementor-widget elementor-widget-text-editor\" data-id=\"2120e0c\" data-element_type=\"widget\" data-e-type=\"widget\" data-widget_type=\"text-editor.default\">\n\t\t\t\t<div class=\"elementor-widget-container\">\n\t\t\t\t\t\t\t\t\t<h2>Weltweiter \u201eTag des Wassers\u201c nimmt an Bedeutung zu<\/h2><p>Der weltweite \u201eTag des Wassers\u201c, zu dem die Vereinten Nationen allj\u00e4hrlich aufrufen, soll die Menschen dazu einladen, sich Gedanken \u00fcber die lebenswichtige Bedeutung von Trinkwasser und seinem Wert zu machen. Auch die Stadtwerke Detmold nahmen diesen besonderen Tag zum Anlass, ein Zeichen f\u00fcr den sorgsamen Umgang mit dem kostbaren Gut Trinkwasser zu setzen. Mit einer besonderen Illumination des W\u00e4rmespeichers hat der Detmolder Energieversorger auf den Weltwassertag aufmerksam gemacht.<\/p><p>Die Herausforderungen durch den Klimawandel und die notwendige Dekarbonisierung der Energiewelt machen es auch f\u00fcr die Stadtwerke Detmold notwendig, weiter in Energiesysteme mit Zukunft zu investieren. Prim\u00e4res Ziel ist dabei die Versorgungssicherheit zu gew\u00e4hrleisten und Investitionen \u00f6kologisch und \u00f6konomisch nachhaltig zu gestalten. Anl\u00e4sslich des Weltwassertags fanden dar\u00fcber hinaus in Detmold mehrere Aktionen statt.<\/p><h3>Nachhaltiges Trinkwasser-Lehr-Programm in Grundschulen<\/h3><p>Im Rahmen einer multimedialen, interaktiven Inszenierung wurde das Thema Trinkwasserschutz den Kindern kurzweilig erl\u00e4utert und greifbar gemacht. Dabei wurde die Bedeutung von Wasser f\u00fcr das Leben, spielerisch dargestellt und gleichzeitig zum nachhaltigen Umgang mit der kostbaren Ressource sensibilisiert.\u00a0<\/p><h3>TH OWL: Trinkwasserbar und Infostand auf dem Campus<\/h3><p>Im Rahmen eines Aktionstages der TH OWL schenkten die Stadtwerke am Weltwassertag zum 22.03.2023 erfrischendes Trinkwasser und besondere Trinkwassercocktails kostenlos vor der Mensa auf dem Campus aus.<\/p><h3>Trinkwasserspender-F\u00f6rderprogramm f\u00fcr Schulen und Kinderg\u00e4rten<\/h3><p>Die Stadtwerke unterst\u00fctzen das Trinken des kostbaren Trinkwassers und bieten ein F\u00f6rderprogramm f\u00fcr Schulen und Kinderg\u00e4rten an. Das Angebot beinhaltet, einen Zuschuss von jeweils 500 Euro f\u00fcr fest an die Trinkwasserinstallation angeschlossene Ger\u00e4te. Die F\u00f6rderung ist auf ein Gesamtbudget von 5.000 Euro pro Jahr begrenzt.<\/p><h3><b>Wasserwende \u2013 Trinkwasser ist Klimaschutz<\/b><\/h3><p>Um Wasserquartiere zu entwickeln und Trinkwasser als erfrischenden Durstl\u00f6scher st\u00e4rker ins Bewusstsein der Detmolderinnen und Detmolder zu bringen, sind die Stadtwerke im Berichtsjahr \u201ea tip: tap\u201c (ein Tipp: Leitungswasser) beigetreten. \u201ea tip: tap\u201c ist\u00a0 ein gemeinn\u00fctziger Verein, der sich mit dem Projekt \u201eWasserwende\u201c f\u00fcr Leitungswasser, gegen Verpackungsm\u00fcll und damit f\u00fcr eine \u00f6kologisch-nachhaltige Lebensweise einsetzt.<\/p>\t\t\t\t\t\t\t\t<\/div>\n\t\t\t\t<\/div>\n\t\t\t\t\t<\/div>\n\t\t<\/div>\n\t\t\t\t\t<\/div>\n\t\t<\/section>\n\t\t\t\t<section class=\"elementor-section elementor-top-section elementor-element elementor-element-901fcd3 elementor-section-boxed elementor-section-height-default elementor-section-height-default\" data-id=\"901fcd3\" data-element_type=\"section\" data-e-type=\"section\">\n\t\t\t\t\t\t<div class=\"elementor-container elementor-column-gap-default\">\n\t\t\t\t\t<div class=\"elementor-column elementor-col-100 elementor-top-column elementor-element elementor-element-c3aad98\" data-id=\"c3aad98\" data-element_type=\"column\" data-e-type=\"column\">\n\t\t\t<div class=\"elementor-widget-wrap elementor-element-populated\">\n\t\t\t\t\t\t<div class=\"elementor-element elementor-element-cd7e014 elementor-widget elementor-widget-gallery\" data-id=\"cd7e014\" data-element_type=\"widget\" data-e-type=\"widget\" data-settings=\"{&quot;columns&quot;:2,&quot;lazyload&quot;:&quot;yes&quot;,&quot;gallery_layout&quot;:&quot;grid&quot;,&quot;columns_tablet&quot;:2,&quot;columns_mobile&quot;:1,&quot;gap&quot;:{&quot;unit&quot;:&quot;px&quot;,&quot;size&quot;:10,&quot;sizes&quot;:[]},&quot;gap_tablet&quot;:{&quot;unit&quot;:&quot;px&quot;,&quot;size&quot;:10,&quot;sizes&quot;:[]},&quot;gap_mobile&quot;:{&quot;unit&quot;:&quot;px&quot;,&quot;size&quot;:10,&quot;sizes&quot;:[]},&quot;link_to&quot;:&quot;file&quot;,&quot;aspect_ratio&quot;:&quot;3:2&quot;,&quot;overlay_background&quot;:&quot;yes&quot;,&quot;content_hover_animation&quot;:&quot;fade-in&quot;}\" data-widget_type=\"gallery.default\">\n\t\t\t\t<div class=\"elementor-widget-container\">\n\t\t\t\t\t\t\t<div class=\"elementor-gallery__container\">\n\t\t\t\t\t\t\t<a class=\"e-gallery-item elementor-gallery-item elementor-animated-content\" href=\"https:\/\/www.stwdt-3d.de\/GB_STWDT\/wp-content\/uploads\/2024\/06\/Wassertag-in-der-Grundschule-mdm23-8765.webp\" data-elementor-open-lightbox=\"yes\" data-elementor-lightbox-slideshow=\"cd7e014\" data-elementor-lightbox-title=\"Wassertag in der Grundschule \u00a9 mdm.photo\" data-e-action-hash=\"#elementor-action%3Aaction%3Dlightbox%26settings%3DeyJpZCI6MzAzOSwidXJsIjoiaHR0cHM6XC9cL3d3dy5zdHdkdC0zZC5kZVwvR0JfU1RXRFRcL3dwLWNvbnRlbnRcL3VwbG9hZHNcLzIwMjRcLzA2XC9XYXNzZXJ0YWctaW4tZGVyLUdydW5kc2NodWxlLW1kbTIzLTg3NjUud2VicCIsInNsaWRlc2hvdyI6ImNkN2UwMTQifQ%3D%3D\">\n\t\t\t\t\t<div class=\"e-gallery-image elementor-gallery-item__image\" data-thumbnail=\"https:\/\/www.stwdt-3d.de\/GB_STWDT\/wp-content\/uploads\/2024\/06\/Wassertag-in-der-Grundschule-mdm23-8765-1200x800.webp\" data-width=\"800\" data-height=\"533\" aria-label=\"\" role=\"img\" ><\/div>\n\t\t\t\t\t\t\t\t\t\t\t<div class=\"elementor-gallery-item__overlay\"><\/div>\n\t\t\t\t\t\t\t\t\t\t\t\t\t\t<\/a>\n\t\t\t\t\t\t\t<a class=\"e-gallery-item elementor-gallery-item elementor-animated-content\" href=\"https:\/\/www.stwdt-3d.de\/GB_STWDT\/wp-content\/uploads\/2021\/08\/Becher-Trinkwasser.jpg\" data-elementor-open-lightbox=\"yes\" data-elementor-lightbox-slideshow=\"cd7e014\" data-elementor-lightbox-title=\"Detmolder Trinkwasser \u00a9 mdm.photo\" data-e-action-hash=\"#elementor-action%3Aaction%3Dlightbox%26settings%3DeyJpZCI6MTQ3MiwidXJsIjoiaHR0cHM6XC9cL3d3dy5zdHdkdC0zZC5kZVwvR0JfU1RXRFRcL3dwLWNvbnRlbnRcL3VwbG9hZHNcLzIwMjFcLzA4XC9CZWNoZXItVHJpbmt3YXNzZXIuanBnIiwic2xpZGVzaG93IjoiY2Q3ZTAxNCJ9\">\n\t\t\t\t\t<div class=\"e-gallery-image elementor-gallery-item__image\" data-thumbnail=\"https:\/\/www.stwdt-3d.de\/GB_STWDT\/wp-content\/uploads\/2021\/08\/Becher-Trinkwasser.jpg\" data-width=\"800\" data-height=\"533\" aria-label=\"\" role=\"img\" ><\/div>\n\t\t\t\t\t\t\t\t\t\t\t<div class=\"elementor-gallery-item__overlay\"><\/div>\n\t\t\t\t\t\t\t\t\t\t\t\t\t\t<\/a>\n\t\t\t\t\t<\/div>\n\t\t\t\t\t<\/div>\n\t\t\t\t<\/div>\n\t\t\t\t\t<\/div>\n\t\t<\/div>\n\t\t\t\t\t<\/div>\n\t\t<\/section>\n\t\t\t\t<\/div>\n\t\t","protected":false},"excerpt":{"rendered":"<p>Weltweiter \u201eTag des Wassers\u201c nimmt an Bedeutung zu Der weltweite \u201eTag des Wassers\u201c, zu dem die Vereinten Nationen allj\u00e4hrlich aufrufen, soll die Menschen dazu einladen, sich Gedanken \u00fcber die lebenswichtige Bedeutung von Trinkwasser und seinem Wert zu machen. Auch die Stadtwerke Detmold nahmen diesen besonderen Tag zum Anlass, ein Zeichen f\u00fcr den sorgsamen Umgang mit [&hellip;]<\/p>\n","protected":false},"author":1,"featured_media":1161,"comment_status":"closed","ping_status":"closed","sticky":false,"template":"","format":"standard","meta":{"_acf_changed":false,"footnotes":""},"categories":[18],"tags":[],"cd-version":[],"class_list":["post-3089","post","type-post","status-publish","format-standard","has-post-thumbnail","hentry","category-18"],"acf":[],"_links":{"self":[{"href":"https:\/\/www.stwdt-3d.de\/GB_STWDT\/wp-json\/wp\/v2\/posts\/3089","targetHints":{"allow":["GET"]}}],"collection":[{"href":"https:\/\/www.stwdt-3d.de\/GB_STWDT\/wp-json\/wp\/v2\/posts"}],"about":[{"href":"https:\/\/www.stwdt-3d.de\/GB_STWDT\/wp-json\/wp\/v2\/types\/post"}],"author":[{"embeddable":true,"href":"https:\/\/www.stwdt-3d.de\/GB_STWDT\/wp-json\/wp\/v2\/users\/1"}],"replies":[{"embeddable":true,"href":"https:\/\/www.stwdt-3d.de\/GB_STWDT\/wp-json\/wp\/v2\/comments?post=3089"}],"version-history":[{"count":5,"href":"https:\/\/www.stwdt-3d.de\/GB_STWDT\/wp-json\/wp\/v2\/posts\/3089\/revisions"}],"predecessor-version":[{"id":3371,"href":"https:\/\/www.stwdt-3d.de\/GB_STWDT\/wp-json\/wp\/v2\/posts\/3089\/revisions\/3371"}],"wp:featuredmedia":[{"embeddable":true,"href":"https:\/\/www.stwdt-3d.de\/GB_STWDT\/wp-json\/wp\/v2\/media\/1161"}],"wp:attachment":[{"href":"https:\/\/www.stwdt-3d.de\/GB_STWDT\/wp-json\/wp\/v2\/media?parent=3089"}],"wp:term":[{"taxonomy":"category","embeddable":true,"href":"https:\/\/www.stwdt-3d.de\/GB_STWDT\/wp-json\/wp\/v2\/categories?post=3089"},{"taxonomy":"post_tag","embeddable":true,"href":"https:\/\/www.stwdt-3d.de\/GB_STWDT\/wp-json\/wp\/v2\/tags?post=3089"},{"taxonomy":"cd-version","embeddable":true,"href":"https:\/\/www.stwdt-3d.de\/GB_STWDT\/wp-json\/wp\/v2\/cd-version?post=3089"}],"curies":[{"name":"wp","href":"https:\/\/api.w.org\/{rel}","templated":true}]}}