{"id":966,"date":"2021-07-01T17:48:46","date_gmt":"2021-07-01T15:48:46","guid":{"rendered":"http:\/\/beta.k-konzept.de\/gb2019\/?p=966"},"modified":"2021-09-06T15:40:53","modified_gmt":"2021-09-06T13:40:53","slug":"massnahmen-im-bereich-trinkwasser","status":"publish","type":"post","link":"https:\/\/www.stwdt-3d.de\/GB_STWDT\/2021\/07\/massnahmen-im-bereich-trinkwasser\/","title":{"rendered":"Ma\u00dfnahmen im Bereich Trinkwasser"},"content":{"rendered":"\t\t<div data-elementor-type=\"wp-post\" data-elementor-id=\"966\" class=\"elementor elementor-966\" data-elementor-post-type=\"post\">\n\t\t\t\t\t\t<section class=\"elementor-section elementor-top-section elementor-element elementor-element-11561abc elementor-section-boxed elementor-section-height-default elementor-section-height-default\" data-id=\"11561abc\" data-element_type=\"section\" data-e-type=\"section\">\n\t\t\t\t\t\t<div class=\"elementor-container elementor-column-gap-default\">\n\t\t\t\t\t<div class=\"elementor-column elementor-col-100 elementor-top-column elementor-element elementor-element-2257ada8\" data-id=\"2257ada8\" data-element_type=\"column\" data-e-type=\"column\">\n\t\t\t<div class=\"elementor-widget-wrap elementor-element-populated\">\n\t\t\t\t\t\t<div class=\"elementor-element elementor-element-8cf4f99 elementor-widget elementor-widget-heading\" data-id=\"8cf4f99\" data-element_type=\"widget\" data-e-type=\"widget\" data-widget_type=\"heading.default\">\n\t\t\t\t<div class=\"elementor-widget-container\">\n\t\t\t\t\t<h2 class=\"elementor-heading-title elementor-size-default\">Folgende Ma\u00dfnahmen wurden im Bereich Trinkwasser in 2020 realisiert:<\/h2>\t\t\t\t<\/div>\n\t\t\t\t<\/div>\n\t\t\t\t\t<\/div>\n\t\t<\/div>\n\t\t\t\t\t<\/div>\n\t\t<\/section>\n\t\t\t\t<section class=\"elementor-section elementor-top-section elementor-element elementor-element-9e62c89 elementor-section-boxed elementor-section-height-default elementor-section-height-default\" data-id=\"9e62c89\" data-element_type=\"section\" data-e-type=\"section\">\n\t\t\t\t\t\t<div class=\"elementor-container elementor-column-gap-default\">\n\t\t\t\t\t<div class=\"elementor-column elementor-col-100 elementor-top-column elementor-element elementor-element-dab1b5f\" data-id=\"dab1b5f\" data-element_type=\"column\" data-e-type=\"column\">\n\t\t\t<div class=\"elementor-widget-wrap elementor-element-populated\">\n\t\t\t\t\t\t<div class=\"elementor-element elementor-element-23dfaec elementor-widget elementor-widget-heading\" data-id=\"23dfaec\" data-element_type=\"widget\" data-e-type=\"widget\" data-widget_type=\"heading.default\">\n\t\t\t\t<div class=\"elementor-widget-container\">\n\t\t\t\t\t<h3 class=\"elementor-heading-title elementor-size-default\">Neubau Tiefbrunnen (TB) 6 Heidental<\/h3>\t\t\t\t<\/div>\n\t\t\t\t<\/div>\n\t\t\t\t<div class=\"elementor-element elementor-element-5100beb elementor-widget elementor-widget-text-editor\" data-id=\"5100beb\" data-element_type=\"widget\" data-e-type=\"widget\" data-widget_type=\"text-editor.default\">\n\t\t\t\t<div class=\"elementor-widget-container\">\n\t\t\t\t\t\t\t\t\t\n<p>Mit dem Bau des neuen Brunnens konnte im Herbst 2020 begonnen werden. Es kam zu mehrmonatigen Verz\u00f6gerungen des Baubeginns aufgrund von St\u00f6rungen bezgl. der Verf\u00fcgbarkeit einer geeigneten Spezial-Bohranlage, die l\u00e4ngerfristig im Ausland im Einsatz war.<\/p>\n\t\t\t\t\t\t\t\t<\/div>\n\t\t\t\t<\/div>\n\t\t\t\t<div class=\"elementor-element elementor-element-bbd89e6 elementor-widget elementor-widget-heading\" data-id=\"bbd89e6\" data-element_type=\"widget\" data-e-type=\"widget\" data-widget_type=\"heading.default\">\n\t\t\t\t<div class=\"elementor-widget-container\">\n\t\t\t\t\t<h4 class=\"elementor-heading-title elementor-size-default\">Technische Daten \/ Infos<\/h4>\t\t\t\t<\/div>\n\t\t\t\t<\/div>\n\t\t\t\t<div class=\"elementor-element elementor-element-d17977e premium-table-dir-ltr elementor-widget elementor-widget-premium-tables-addon\" data-id=\"d17977e\" data-element_type=\"widget\" data-e-type=\"widget\" data-widget_type=\"premium-tables-addon.default\">\n\t\t\t\t<div class=\"elementor-widget-container\">\n\t\t\t\t\t\r\n\t\t<div class=\"premium-table-wrap\">\r\n\t\t\t\r\n\t\t\t<table class=\"premium-table\" data-settings=\"{&quot;sort&quot;:false,&quot;usNumbers&quot;:false,&quot;sortMob&quot;:false,&quot;search&quot;:false,&quot;records&quot;:false,&quot;dataType&quot;:&quot;custom&quot;,&quot;csvFile&quot;:null,&quot;firstRow&quot;:null,&quot;separator&quot;:null,&quot;pagination&quot;:&quot;&quot;,&quot;rows&quot;:0}\" >\r\n\r\n\t\t\t\t\t<tbody class=\"premium-table-body\">\r\n\t\t\t\t\t\t<tr class=\"premium-table-row elementor-repeater-item-5433fbb\"><td class=\"premium-table-cell elementor-repeater-item-8e6714d\"><span class=\"premium-table-text\">Geplante Ausbautiefe<\/span><\/td><td class=\"premium-table-cell elementor-repeater-item-1cbccf1\"><span class=\"premium-table-text\">etwa 400 Meter<\/span><\/td><\/tr><tr class=\"premium-table-row elementor-repeater-item-30542d4\"><td class=\"premium-table-cell elementor-repeater-item-00fc02a\"><span class=\"premium-table-text\">Geplante F\u00f6rderleistung<\/span><\/td><td class=\"premium-table-cell elementor-repeater-item-73f227a\"><span class=\"premium-table-text\">ca. 80-120 m\u00b3\/h<\/span><\/td>\t\t\t<\/tr>\r\n\t\t<\/tbody>\r\n\r\n\t\t\r\n\t\t\t<\/table>\r\n\t\t<\/div>\r\n\t\t\t\t\t\t<\/div>\n\t\t\t\t<\/div>\n\t\t\t\t<div class=\"elementor-element elementor-element-ea9c491 elementor-widget elementor-widget-text-editor\" data-id=\"ea9c491\" data-element_type=\"widget\" data-e-type=\"widget\" data-widget_type=\"text-editor.default\">\n\t\t\t\t<div class=\"elementor-widget-container\">\n\t\t\t\t\t\t\t\t\t\n<p>Aufgrund der Tiefe und der geologischen Struktur war angedacht, die Bohrung in zwei unterschiedlichen Bohrverfahren durchzuf\u00fchren. Aufgrund der Verz\u00f6gerungen bei der Beschaffung einer geeigneten Bohranlage wurde entschieden, die Bohrung vollst\u00e4ndig durch ein lokales Unternehmen zu erstellen. Bis Ende 2020 wurde dadurch noch eine Bohrtiefe von 150 Metern erreicht.<\/p>\n<p>Der Abschluss der Bohrung ist Ende M\u00e4rz 2021 mit 380 Metern erreicht worden. Darauf folgte der Anschluss an das Wasserversorgungsystem bis zum Sommer 2021 nach entsprechendem Testbetrieb und Fertigstellung aller technischen Nebengewerke.<\/p>\n<p>Der Neubau des Brunnens TB6 Heidental ist notwendig geworden, weil der unmittelbar in der N\u00e4he liegende Bestandsbrunnen TB4 Heidental aufgrund struktureller Sch\u00e4den nicht mehr dauerhaft nutzbar ist. Mit der Ersatzbohrung wird sichergestellt, auch zuk\u00fcnftig die erforderliche F\u00f6rdermenge aus dem Wassergewinnungsgebiet Heidental liefern zu k\u00f6nnen.<\/p>\n\t\t\t\t\t\t\t\t<\/div>\n\t\t\t\t<\/div>\n\t\t\t\t\t<\/div>\n\t\t<\/div>\n\t\t\t\t\t<\/div>\n\t\t<\/section>\n\t\t\t\t<section class=\"elementor-section elementor-top-section elementor-element elementor-element-47e3be6 elementor-section-boxed elementor-section-height-default elementor-section-height-default\" data-id=\"47e3be6\" data-element_type=\"section\" data-e-type=\"section\">\n\t\t\t\t\t\t<div class=\"elementor-container elementor-column-gap-default\">\n\t\t\t\t\t<div class=\"elementor-column elementor-col-100 elementor-top-column elementor-element elementor-element-50c4c1d\" data-id=\"50c4c1d\" data-element_type=\"column\" data-e-type=\"column\">\n\t\t\t<div class=\"elementor-widget-wrap elementor-element-populated\">\n\t\t\t\t\t\t<div class=\"elementor-element elementor-element-87a4bc2 elementor-widget elementor-widget-gallery\" data-id=\"87a4bc2\" data-element_type=\"widget\" data-e-type=\"widget\" data-settings=\"{&quot;columns&quot;:3,&quot;lazyload&quot;:&quot;yes&quot;,&quot;gallery_layout&quot;:&quot;grid&quot;,&quot;columns_tablet&quot;:2,&quot;columns_mobile&quot;:1,&quot;gap&quot;:{&quot;unit&quot;:&quot;px&quot;,&quot;size&quot;:10,&quot;sizes&quot;:[]},&quot;gap_tablet&quot;:{&quot;unit&quot;:&quot;px&quot;,&quot;size&quot;:10,&quot;sizes&quot;:[]},&quot;gap_mobile&quot;:{&quot;unit&quot;:&quot;px&quot;,&quot;size&quot;:10,&quot;sizes&quot;:[]},&quot;link_to&quot;:&quot;file&quot;,&quot;aspect_ratio&quot;:&quot;3:2&quot;,&quot;overlay_background&quot;:&quot;yes&quot;,&quot;content_hover_animation&quot;:&quot;fade-in&quot;}\" data-widget_type=\"gallery.default\">\n\t\t\t\t<div class=\"elementor-widget-container\">\n\t\t\t\t\t\t\t<div class=\"elementor-gallery__container\">\n\t\t\t\t\t\t\t<a class=\"e-gallery-item elementor-gallery-item elementor-animated-content\" href=\"https:\/\/www.stwdt-3d.de\/GB_STWDT\/wp-content\/uploads\/2021\/07\/Bohrung-mdm2020-5739.jpg\" data-elementor-open-lightbox=\"yes\" data-elementor-lightbox-slideshow=\"87a4bc2\" data-elementor-lightbox-title=\"Bohrung Trinkwasser \u00a9 mdm.photo\" data-e-action-hash=\"#elementor-action%3Aaction%3Dlightbox%26settings%3DeyJpZCI6MTE0NCwidXJsIjoiaHR0cHM6XC9cL3d3dy5zdHdkdC0zZC5kZVwvR0JfU1RXRFRcL3dwLWNvbnRlbnRcL3VwbG9hZHNcLzIwMjFcLzA3XC9Cb2hydW5nLW1kbTIwMjAtNTczOS5qcGciLCJzbGlkZXNob3ciOiI4N2E0YmMyIn0%3D\">\n\t\t\t\t\t<div class=\"e-gallery-image elementor-gallery-item__image\" data-thumbnail=\"https:\/\/www.stwdt-3d.de\/GB_STWDT\/wp-content\/uploads\/2021\/07\/Bohrung-mdm2020-5739-400x267.jpg\" data-width=\"400\" data-height=\"267\" aria-label=\"\" role=\"img\" ><\/div>\n\t\t\t\t\t\t\t\t\t\t\t<div class=\"elementor-gallery-item__overlay\"><\/div>\n\t\t\t\t\t\t\t\t\t\t\t\t\t\t<\/a>\n\t\t\t\t\t\t\t<a class=\"e-gallery-item elementor-gallery-item elementor-animated-content\" href=\"https:\/\/www.stwdt-3d.de\/GB_STWDT\/wp-content\/uploads\/2021\/08\/Wasseraufbereitungsanlage-Berlebeck-Technik-von-oben.jpg\" data-elementor-open-lightbox=\"yes\" data-elementor-lightbox-slideshow=\"87a4bc2\" data-elementor-lightbox-title=\"Wasseraufbereitungsanlage Berlebeck \u2013 Technik von oben \u00a9 mdm.photo\" data-e-action-hash=\"#elementor-action%3Aaction%3Dlightbox%26settings%3DeyJpZCI6MTUxMywidXJsIjoiaHR0cHM6XC9cL3d3dy5zdHdkdC0zZC5kZVwvR0JfU1RXRFRcL3dwLWNvbnRlbnRcL3VwbG9hZHNcLzIwMjFcLzA4XC9XYXNzZXJhdWZiZXJlaXR1bmdzYW5sYWdlLUJlcmxlYmVjay1UZWNobmlrLXZvbi1vYmVuLmpwZyIsInNsaWRlc2hvdyI6Ijg3YTRiYzIifQ%3D%3D\">\n\t\t\t\t\t<div class=\"e-gallery-image elementor-gallery-item__image\" data-thumbnail=\"https:\/\/www.stwdt-3d.de\/GB_STWDT\/wp-content\/uploads\/2021\/08\/Wasseraufbereitungsanlage-Berlebeck-Technik-von-oben-400x267.jpg\" data-width=\"400\" data-height=\"267\" aria-label=\"\" role=\"img\" ><\/div>\n\t\t\t\t\t\t\t\t\t\t\t<div class=\"elementor-gallery-item__overlay\"><\/div>\n\t\t\t\t\t\t\t\t\t\t\t\t\t\t<\/a>\n\t\t\t\t\t\t\t<a class=\"e-gallery-item elementor-gallery-item elementor-animated-content\" href=\"https:\/\/www.stwdt-3d.de\/GB_STWDT\/wp-content\/uploads\/2021\/08\/Hochbehaelter-Kupferberg-Bau.jpg\" data-elementor-open-lightbox=\"yes\" data-elementor-lightbox-slideshow=\"87a4bc2\" data-elementor-lightbox-title=\"Hochbeh\u00e4lter Kupferberg  \u00a9 mdm.photo\" data-e-action-hash=\"#elementor-action%3Aaction%3Dlightbox%26settings%3DeyJpZCI6MTUwNSwidXJsIjoiaHR0cHM6XC9cL3d3dy5zdHdkdC0zZC5kZVwvR0JfU1RXRFRcL3dwLWNvbnRlbnRcL3VwbG9hZHNcLzIwMjFcLzA4XC9Ib2NoYmVoYWVsdGVyLUt1cGZlcmJlcmctQmF1LmpwZyIsInNsaWRlc2hvdyI6Ijg3YTRiYzIifQ%3D%3D\">\n\t\t\t\t\t<div class=\"e-gallery-image elementor-gallery-item__image\" data-thumbnail=\"https:\/\/www.stwdt-3d.de\/GB_STWDT\/wp-content\/uploads\/2021\/08\/Hochbehaelter-Kupferberg-Bau-400x267.jpg\" data-width=\"400\" data-height=\"267\" aria-label=\"\" role=\"img\" ><\/div>\n\t\t\t\t\t\t\t\t\t\t\t<div class=\"elementor-gallery-item__overlay\"><\/div>\n\t\t\t\t\t\t\t\t\t\t\t\t\t\t<\/a>\n\t\t\t\t\t<\/div>\n\t\t\t\t\t<\/div>\n\t\t\t\t<\/div>\n\t\t\t\t\t<\/div>\n\t\t<\/div>\n\t\t\t\t\t<\/div>\n\t\t<\/section>\n\t\t\t\t<section class=\"elementor-section elementor-top-section elementor-element elementor-element-eb3afa0 elementor-section-boxed elementor-section-height-default elementor-section-height-default\" data-id=\"eb3afa0\" data-element_type=\"section\" data-e-type=\"section\">\n\t\t\t\t\t\t<div class=\"elementor-container elementor-column-gap-default\">\n\t\t\t\t\t<div class=\"elementor-column elementor-col-100 elementor-top-column elementor-element elementor-element-db12097\" data-id=\"db12097\" data-element_type=\"column\" data-e-type=\"column\">\n\t\t\t<div class=\"elementor-widget-wrap elementor-element-populated\">\n\t\t\t\t\t\t<div class=\"elementor-element elementor-element-8715124 elementor-widget elementor-widget-heading\" data-id=\"8715124\" data-element_type=\"widget\" data-e-type=\"widget\" data-widget_type=\"heading.default\">\n\t\t\t\t<div class=\"elementor-widget-container\">\n\t\t\t\t\t<h3 class=\"elementor-heading-title elementor-size-default\">Hochbeh\u00e4lter (HB) Meierberg Abriss Alt-Beh\u00e4lter<\/h3>\t\t\t\t<\/div>\n\t\t\t\t<\/div>\n\t\t\t\t<div class=\"elementor-element elementor-element-6f6066d elementor-widget elementor-widget-text-editor\" data-id=\"6f6066d\" data-element_type=\"widget\" data-e-type=\"widget\" data-widget_type=\"text-editor.default\">\n\t\t\t\t<div class=\"elementor-widget-container\">\n\t\t\t\t\t\t\t\t\t\n<p>Nach einer Machbarkeitsstudie zur Entsorgung der alten Beschichtungsmaterialien erfolgte eine Leistungsbeschreibung und Ausschreibung an m\u00f6gliche Fachunternehmen zum Abriss des Alt-Beh\u00e4lters am Meierberg. Die Beauftragung erfolgte im Herbst 2020. Mit den Arbeiten begonnen wurde jedoch erst im Januar 2021, nachdem alle Entsorgungsfragen gekl\u00e4rt worden waren. Die Fertigstellung des Gel\u00e4ndes erfolgte im April 2021.<\/p>\n\t\t\t\t\t\t\t\t<\/div>\n\t\t\t\t<\/div>\n\t\t\t\t\t<\/div>\n\t\t<\/div>\n\t\t\t\t\t<\/div>\n\t\t<\/section>\n\t\t\t\t<section class=\"elementor-section elementor-top-section elementor-element elementor-element-95f5b6d elementor-section-boxed elementor-section-height-default elementor-section-height-default\" data-id=\"95f5b6d\" data-element_type=\"section\" data-e-type=\"section\">\n\t\t\t\t\t\t<div class=\"elementor-container elementor-column-gap-default\">\n\t\t\t\t\t<div class=\"elementor-column elementor-col-100 elementor-top-column elementor-element elementor-element-e620fba\" data-id=\"e620fba\" data-element_type=\"column\" data-e-type=\"column\">\n\t\t\t<div class=\"elementor-widget-wrap elementor-element-populated\">\n\t\t\t\t\t\t<div class=\"elementor-element elementor-element-feba61a elementor-widget elementor-widget-heading\" data-id=\"feba61a\" data-element_type=\"widget\" data-e-type=\"widget\" data-widget_type=\"heading.default\">\n\t\t\t\t<div class=\"elementor-widget-container\">\n\t\t\t\t\t<h3 class=\"elementor-heading-title elementor-size-default\">HB Kupferberg <\/h3>\t\t\t\t<\/div>\n\t\t\t\t<\/div>\n\t\t\t\t<div class=\"elementor-element elementor-element-3dad139 elementor-widget elementor-widget-text-editor\" data-id=\"3dad139\" data-element_type=\"widget\" data-e-type=\"widget\" data-widget_type=\"text-editor.default\">\n\t\t\t\t<div class=\"elementor-widget-container\">\n\t\t\t\t\t\t\t\t\t<p>Abgeschlossen ist bereits das Gewerk der Erneuerung der kompletten Rohrleitungsinstallation im Hochbeh\u00e4lter einschlie\u00dflich der Trennw\u00e4nde und Mauerdurchf\u00fchrungen im Rohrkeller. Es folgte die Detailausarbeitung der Bauleistungen zur Isolierung und Erneuerung der Abdichtung der Beh\u00e4lterdecken und der Dacharbeiten am Betriebsgeb\u00e4ude. Die Umsetzung der Ma\u00dfnahme hat im Herbst 2020 begonnen. Hauptproblem und Kostenfaktor waren hier, wie schon am HB Meierberg, die hohen Anforderungen hinsichtlich der Entsorgung der Erd- und Bauschuttmassen aus der Anf\u00fcllung der Beh\u00e4lterkammern. F\u00fcr 2021 und 2022 ist noch die Erneuerung der Beschichtung der Beh\u00e4lterkammern vorgesehen, die dann den Abschluss der Komplettsanierung darstellt.<\/p>\t\t\t\t\t\t\t\t<\/div>\n\t\t\t\t<\/div>\n\t\t\t\t\t<\/div>\n\t\t<\/div>\n\t\t\t\t\t<\/div>\n\t\t<\/section>\n\t\t\t\t<section class=\"elementor-section elementor-top-section elementor-element elementor-element-0cc9deb elementor-section-boxed elementor-section-height-default elementor-section-height-default\" data-id=\"0cc9deb\" data-element_type=\"section\" data-e-type=\"section\">\n\t\t\t\t\t\t<div class=\"elementor-container elementor-column-gap-default\">\n\t\t\t\t\t<div class=\"elementor-column elementor-col-100 elementor-top-column elementor-element elementor-element-792bade\" data-id=\"792bade\" data-element_type=\"column\" data-e-type=\"column\">\n\t\t\t<div class=\"elementor-widget-wrap elementor-element-populated\">\n\t\t\t\t\t\t<div class=\"elementor-element elementor-element-d98b12b elementor-widget elementor-widget-heading\" data-id=\"d98b12b\" data-element_type=\"widget\" data-e-type=\"widget\" data-widget_type=\"heading.default\">\n\t\t\t\t<div class=\"elementor-widget-container\">\n\t\t\t\t\t<h3 class=\"elementor-heading-title elementor-size-default\">Erneuerung der Pumpentechnik an zwei Pumpwerken<\/h3>\t\t\t\t<\/div>\n\t\t\t\t<\/div>\n\t\t\t\t<div class=\"elementor-element elementor-element-2d586b3 elementor-widget elementor-widget-text-editor\" data-id=\"2d586b3\" data-element_type=\"widget\" data-e-type=\"widget\" data-widget_type=\"text-editor.default\">\n\t\t\t\t<div class=\"elementor-widget-container\">\n\t\t\t\t\t\t\t\t\t<h4>PW Spreckenburgstra\u00dfe (Schling):<\/h4>\n<p>Die Schaltanlage und Fernwirktechnik wurde erneuert, ebenso die beiden Druckerh\u00f6hungspumpen einschlie\u00dflich der kompletten Rohrinstallation zur F\u00f6rderung in den Hochbeh\u00e4lter Sprengerberg zur Versorgung des Ortsteils Schling.<\/p>\n<h4>PW \u00d6ttern (Kl\u00fct\/Lossbruch):<\/h4>\n<p>Die beiden Druckerh\u00f6hungspumpen einschlie\u00dflich der Rohrinstallation zur F\u00f6rderung in den Hochbeh\u00e4lter Rotenberg zur Versorgung des Ortsteils Bentrup-Lo\u00dfbruch wurden erneuert.<\/p>\t\t\t\t\t\t\t\t<\/div>\n\t\t\t\t<\/div>\n\t\t\t\t\t<\/div>\n\t\t<\/div>\n\t\t\t\t\t<\/div>\n\t\t<\/section>\n\t\t\t\t<section class=\"elementor-section elementor-top-section elementor-element elementor-element-637eb70 elementor-section-boxed elementor-section-height-default elementor-section-height-default\" data-id=\"637eb70\" data-element_type=\"section\" data-e-type=\"section\">\n\t\t\t\t\t\t<div class=\"elementor-container elementor-column-gap-default\">\n\t\t\t\t\t<div class=\"elementor-column elementor-col-100 elementor-top-column elementor-element elementor-element-4d4868f\" data-id=\"4d4868f\" data-element_type=\"column\" data-e-type=\"column\">\n\t\t\t<div class=\"elementor-widget-wrap elementor-element-populated\">\n\t\t\t\t\t\t<div class=\"elementor-element elementor-element-0eac818 elementor-widget elementor-widget-heading\" data-id=\"0eac818\" data-element_type=\"widget\" data-e-type=\"widget\" data-widget_type=\"heading.default\">\n\t\t\t\t<div class=\"elementor-widget-container\">\n\t\t\t\t\t<h3 class=\"elementor-heading-title elementor-size-default\">Inbetriebnahme TB 7 Pivitsheide UV-Anlage zur Desinfektion<\/h3>\t\t\t\t<\/div>\n\t\t\t\t<\/div>\n\t\t\t\t<div class=\"elementor-element elementor-element-3e77bf3 elementor-widget elementor-widget-text-editor\" data-id=\"3e77bf3\" data-element_type=\"widget\" data-e-type=\"widget\" data-widget_type=\"text-editor.default\">\n\t\t\t\t<div class=\"elementor-widget-container\">\n\t\t\t\t\t\t\t\t\t<p>Der Umbau der Betriebstechnik im TB7 wurde 2020 abgeschlossen. Die Desinfektion des Trinkwassers erfolgt nun mit UV-Strahlern und nicht mehr \u00fcber eine Chlor-Dosierstation.<\/p>\t\t\t\t\t\t\t\t<\/div>\n\t\t\t\t<\/div>\n\t\t\t\t\t<\/div>\n\t\t<\/div>\n\t\t\t\t\t<\/div>\n\t\t<\/section>\n\t\t\t\t<section class=\"elementor-section elementor-top-section elementor-element elementor-element-31aa939 elementor-section-boxed elementor-section-height-default elementor-section-height-default\" data-id=\"31aa939\" data-element_type=\"section\" data-e-type=\"section\">\n\t\t\t\t\t\t<div class=\"elementor-container elementor-column-gap-default\">\n\t\t\t\t\t<div class=\"elementor-column elementor-col-100 elementor-top-column elementor-element elementor-element-b207672\" data-id=\"b207672\" data-element_type=\"column\" data-e-type=\"column\">\n\t\t\t<div class=\"elementor-widget-wrap elementor-element-populated\">\n\t\t\t\t\t\t<div class=\"elementor-element elementor-element-b04f570 elementor-widget elementor-widget-heading\" data-id=\"b04f570\" data-element_type=\"widget\" data-e-type=\"widget\" data-widget_type=\"heading.default\">\n\t\t\t\t<div class=\"elementor-widget-container\">\n\t\t\t\t\t<h3 class=\"elementor-heading-title elementor-size-default\">Inbetriebnahme Wasser&shy;aufbereitungs&shy;anlage Berlebeck-Ort <\/h3>\t\t\t\t<\/div>\n\t\t\t\t<\/div>\n\t\t\t\t<div class=\"elementor-element elementor-element-d749cbc elementor-widget elementor-widget-text-editor\" data-id=\"d749cbc\" data-element_type=\"widget\" data-e-type=\"widget\" data-widget_type=\"text-editor.default\">\n\t\t\t\t<div class=\"elementor-widget-container\">\n\t\t\t\t\t\t\t\t\t<p>Die neue Wasseraufbereitungsanlage wurde an das Versorgungsnetz angeschlossen und st\u00f6rungsfrei in Betrieb genommen. Das Betriebsgeb\u00e4ude des alten Wasserwerks ist vollst\u00e4ndig zur\u00fcckgebaut worden.<\/p>\t\t\t\t\t\t\t\t<\/div>\n\t\t\t\t<\/div>\n\t\t\t\t\t<\/div>\n\t\t<\/div>\n\t\t\t\t\t<\/div>\n\t\t<\/section>\n\t\t\t\t<\/div>\n\t\t","protected":false},"excerpt":{"rendered":"<p>Folgende Ma\u00dfnahmen wurden im Bereich Trinkwasser in 2020 realisiert: Neubau Tiefbrunnen (TB) 6 Heidental Mit dem Bau des neuen Brunnens konnte im Herbst 2020 begonnen werden. Es kam zu mehrmonatigen Verz\u00f6gerungen des Baubeginns aufgrund von St\u00f6rungen bezgl. der Verf\u00fcgbarkeit einer geeigneten Spezial-Bohranlage, die l\u00e4ngerfristig im Ausland im Einsatz war. Technische Daten \/ Infos Geplante Ausbautiefe [&hellip;]<\/p>\n","protected":false},"author":1,"featured_media":1142,"comment_status":"closed","ping_status":"closed","sticky":false,"template":"","format":"standard","meta":{"_acf_changed":false,"footnotes":""},"categories":[10],"tags":[],"cd-version":[],"class_list":["post-966","post","type-post","status-publish","format-standard","has-post-thumbnail","hentry","category-10"],"acf":[],"_links":{"self":[{"href":"https:\/\/www.stwdt-3d.de\/GB_STWDT\/wp-json\/wp\/v2\/posts\/966","targetHints":{"allow":["GET"]}}],"collection":[{"href":"https:\/\/www.stwdt-3d.de\/GB_STWDT\/wp-json\/wp\/v2\/posts"}],"about":[{"href":"https:\/\/www.stwdt-3d.de\/GB_STWDT\/wp-json\/wp\/v2\/types\/post"}],"author":[{"embeddable":true,"href":"https:\/\/www.stwdt-3d.de\/GB_STWDT\/wp-json\/wp\/v2\/users\/1"}],"replies":[{"embeddable":true,"href":"https:\/\/www.stwdt-3d.de\/GB_STWDT\/wp-json\/wp\/v2\/comments?post=966"}],"version-history":[{"count":54,"href":"https:\/\/www.stwdt-3d.de\/GB_STWDT\/wp-json\/wp\/v2\/posts\/966\/revisions"}],"predecessor-version":[{"id":1712,"href":"https:\/\/www.stwdt-3d.de\/GB_STWDT\/wp-json\/wp\/v2\/posts\/966\/revisions\/1712"}],"wp:featuredmedia":[{"embeddable":true,"href":"https:\/\/www.stwdt-3d.de\/GB_STWDT\/wp-json\/wp\/v2\/media\/1142"}],"wp:attachment":[{"href":"https:\/\/www.stwdt-3d.de\/GB_STWDT\/wp-json\/wp\/v2\/media?parent=966"}],"wp:term":[{"taxonomy":"category","embeddable":true,"href":"https:\/\/www.stwdt-3d.de\/GB_STWDT\/wp-json\/wp\/v2\/categories?post=966"},{"taxonomy":"post_tag","embeddable":true,"href":"https:\/\/www.stwdt-3d.de\/GB_STWDT\/wp-json\/wp\/v2\/tags?post=966"},{"taxonomy":"cd-version","embeddable":true,"href":"https:\/\/www.stwdt-3d.de\/GB_STWDT\/wp-json\/wp\/v2\/cd-version?post=966"}],"curies":[{"name":"wp","href":"https:\/\/api.w.org\/{rel}","templated":true}]}}